{"id":976,"date":"2021-07-23T14:14:12","date_gmt":"2021-07-23T12:14:12","guid":{"rendered":"https:\/\/fotka.com\/blog\/?p=976"},"modified":"2021-07-23T14:14:12","modified_gmt":"2021-07-23T12:14:12","slug":"roznica-wieku-w-zwiazku","status":"publish","type":"post","link":"https:\/\/fotka.com\/blog\/2021\/07\/roznica-wieku-w-zwiazku\/","title":{"rendered":"R\u00f3\u017cnica wieku w zwi\u0105zku"},"content":{"rendered":"\n<p>Jaka jest dopuszczalna r\u00f3\u017cnica wieku w zwi\u0105zku? Czy osoby w r\u00f3\u017cnym wieku mog\u0105 stworzy\u0107 udany zwi\u0105zek? Jakie mog\u0105 pojawi\u0107 si\u0119 wtedy konflikty? O tym wszystkim w dzisiejszym wpisie.<\/p>\n\n\n\n<p>W tym artykule b\u0119d\u0119 pisa\u0107 jedynie o zwi\u0105zkach, kiedy obie osoby s\u0105 pe\u0142noletnie. S\u0105 oczywi\u015bcie przypadki kiedy szesnastolatka spotyka si\u0119 z osiemnastolatkiem, ale nie w tym wpisie chcia\u0142abym skupi\u0107 si\u0119 na aspekcie wsp\u00f3lnego \u017cycia, a nie tylko spotykania si\u0119.<\/p>\n\n\n\n<h4 class=\"wp-block-heading\">Czy r\u00f3\u017cnica wieku mo\u017ce by\u0107 za du\u017ca?<\/h4>\n\n\n\n<p>Teoretycznie nie &#8211; je\u015bli dwie doros\u0142e osoby postanowi\u0105 stworzy\u0107 powa\u017cny zwi\u0105zek to r\u00f3\u017cnica wieku nie powinna mie\u0107 \u017cadnego znaczenia. Jednak\u017ce je\u015bli jest ona znaczna (ponad kilkana\u015bcie lat) to mog\u0105 pojawi\u0107 si\u0119 r\u00f3\u017cnice \u015bwiatopogl\u0105dowe, inne wychowanie, a przede wszystkim &#8211; bycie na r\u00f3\u017cnych etapach \u017cycia. Przyk\u0142ad &#8211; kobieta w okolicach 30 roku \u017cycia, kt\u00f3ra spotyka si\u0119 z 20 latkiem. Ona najprawdopodobniej my\u015bli o za\u0142o\u017ceniu rodziny, a on uwa\u017ca, \u017ce ma na to jeszcze czas. Przyk\u0142ad oczywi\u015bcie bardzo generalizuje, jednak dobrze pokazuje on, z czym mo\u017ce wi\u0105za\u0107 si\u0119 du\u017ca r\u00f3\u017cnica wieku. Takie r\u00f3\u017cnice mog\u0105 prowadzi\u0107 do konflikt\u00f3w i w ostateczno\u015bci, do zako\u0144czenia relacji.<\/p>\n\n\n\n<p>Du\u017ca r\u00f3\u017cnica lat mi\u0119dzy Wami mo\u017ce te\u017c wyj\u015b\u0107 r\u00f3wnie\u017c kiedy b\u0119dziecie starsi &#8211; b\u0119dzie to wida\u0107 po kondycji fizycznej i stanie zdrowia. Z drugiej strony &#8211; wtedy ta starsza osoba ma dodatkow\u0105 motywacj\u0119, aby nad\u0105\u017ca\u0107 za m\u0142odszym partnerem i w ostateczno\u015bci cieszy si\u0119 lepszym zdrowiem, ni\u017c r\u00f3wie\u015bnicy z partnerami w podobnym wieku.<\/p>\n\n\n\n<h4 class=\"wp-block-heading\">Czy r\u00f3\u017cnica wieku mo\u017ce by\u0107 czym\u015b dobrym?<\/h4>\n\n\n\n<p>Oczywi\u015bcie! Wiele kobiet wr\u0119cz woli, je\u015bli ich partner jest o kilka lat starszy i jednocze\u015bnie, m\u0119\u017cczy\u017ani zazwyczaj szukaj\u0105 m\u0142odszych partnerek. Mo\u017ce wi\u0105za\u0107 si\u0119 to z tym, \u017ce utar\u0142o si\u0119, \u017ce kobiety szybciej dojrzewaj\u0105. <\/p>\n\n\n\n<p>Bycie na r\u00f3\u017cnych etapach \u017cycia w zwi\u0105zku z r\u00f3\u017cnic\u0105 lat mo\u017ce by\u0107 tak\u017ce plusem. Na przyk\u0142ad je\u015bli kto\u015b nie chce mie\u0107 dzieci mo\u017ce zacz\u0105\u0107 si\u0119 spotyka\u0107 z kim\u015b starszym, kto ma ju\u017c dzieci.<\/p>\n\n\n\n<p>Najwa\u017cniejsze jest to, aby obie osoby czu\u0142y si\u0119 dobrze w zwi\u0105zku i by\u0142y w nim po prostu szcz\u0119\u015bliwe. Bez wzgl\u0119du na r\u00f3\u017cnic\u0119 lat, narodowo\u015b\u0107, kultur\u0119 czy kolor sk\u00f3ry.<\/p>\n\n\n\n<p>Wi\u0119cej na temat tego, jak stworzy\u0107 udany zwi\u0105zek przeczytasz <strong><span style=\"text-decoration: underline;\"><a href=\"https:\/\/fotka.com\/blog\/category\/zasady-udanego-zwiazku\/\">tutaj<\/a><\/span><\/strong>.<\/p>\n","protected":false},"excerpt":{"rendered":"<p>Jaka jest dopuszczalna r\u00f3\u017cnica wieku w zwi\u0105zku? Czy osoby w r\u00f3\u017cnym wieku mog\u0105 stworzy\u0107 udany zwi\u0105zek? Jakie mog\u0105 pojawi\u0107 si\u0119 wtedy konflikty? O tym wszystkim w dzisiejszym wpisie.<\/p>\n","protected":false},"author":5,"featured_media":977,"comment_status":"open","ping_status":"closed","sticky":false,"template":"","format":"standard","meta":{"footnotes":""},"categories":[2],"tags":[104,8,18],"class_list":["post-976","post","type-post","status-publish","format-standard","has-post-thumbnail","hentry","category-fotka-porady","tag-roznica-wieku","tag-zwiazek","tag-zwiazki"],"yoast_head":"<!-- This site is optimized with the Yoast SEO plugin v27.2 - https:\/\/yoast.com\/product\/yoast-seo-wordpress\/ -->\n<title>R\u00f3\u017cnica wieku w zwi\u0105zku | Fotka Blog o zwi\u0105zkach<\/title>\n<meta name=\"description\" content=\"Jaka jest dopuszczalna r\u00f3\u017cnica wieku w zwi\u0105zku? Czy osoby w r\u00f3\u017cnym wieku mog\u0105 stworzy\u0107 udany zwi\u0105zek? Jakie mog\u0105 pojawi\u0107 si\u0119 wtedy konflikty?\" \/>\n<meta name=\"robots\" content=\"index, follow, max-snippet:-1, max-image-preview:large, max-video-preview:-1\" \/>\n<link rel=\"canonical\" href=\"https:\/\/fotka.com\/blog\/2021\/07\/roznica-wieku-w-zwiazku\/\" \/>\n<meta property=\"og:locale\" content=\"pl_PL\" \/>\n<meta property=\"og:type\" content=\"article\" \/>\n<meta property=\"og:title\" content=\"R\u00f3\u017cnica wieku w zwi\u0105zku | Fotka Blog o zwi\u0105zkach\" \/>\n<meta property=\"og:description\" content=\"Jaka jest dopuszczalna r\u00f3\u017cnica wieku w zwi\u0105zku? Czy osoby w r\u00f3\u017cnym wieku mog\u0105 stworzy\u0107 udany zwi\u0105zek? Jakie mog\u0105 pojawi\u0107 si\u0119 wtedy konflikty?\" \/>\n<meta property=\"og:url\" content=\"https:\/\/fotka.com\/blog\/2021\/07\/roznica-wieku-w-zwiazku\/\" \/>\n<meta property=\"og:site_name\" content=\"Fotka\" \/>\n<meta property=\"article:publisher\" content=\"https:\/\/www.facebook.com\/fotkapl\/\" \/>\n<meta property=\"article:published_time\" content=\"2021-07-23T12:14:12+00:00\" \/>\n<meta property=\"og:image\" content=\"https:\/\/fotka.com\/blog\/wp-content\/uploads\/2021\/07\/enjoying-tenderness-lovely-couple-having-their-mornng-coffee-together-scaled.jpg\" \/>\n\t<meta property=\"og:image:width\" content=\"2560\" \/>\n\t<meta property=\"og:image:height\" content=\"1707\" \/>\n\t<meta property=\"og:image:type\" content=\"image\/jpeg\" \/>\n<meta name=\"author\" content=\"Fotka\" \/>\n<meta name=\"twitter:card\" content=\"summary_large_image\" \/>\n<meta name=\"twitter:label1\" content=\"Napisane przez\" \/>\n\t<meta name=\"twitter:data1\" content=\"Fotka\" \/>\n\t<meta name=\"twitter:label2\" content=\"Szacowany czas czytania\" \/>\n\t<meta name=\"twitter:data2\" content=\"2 minuty\" \/>\n<script type=\"application\/ld+json\" class=\"yoast-schema-graph\">{\"@context\":\"https:\/\/schema.org\",\"@graph\":[{\"@type\":\"Article\",\"@id\":\"https:\/\/fotka.com\/blog\/2021\/07\/roznica-wieku-w-zwiazku\/#article\",\"isPartOf\":{\"@id\":\"https:\/\/fotka.com\/blog\/2021\/07\/roznica-wieku-w-zwiazku\/\"},\"author\":{\"name\":\"Fotka\",\"@id\":\"https:\/\/fotka.com\/blog\/#\/schema\/person\/0c803c4346296d7555b6f0a85e04026a\"},\"headline\":\"R\u00f3\u017cnica wieku w zwi\u0105zku\",\"datePublished\":\"2021-07-23T12:14:12+00:00\",\"mainEntityOfPage\":{\"@id\":\"https:\/\/fotka.com\/blog\/2021\/07\/roznica-wieku-w-zwiazku\/\"},\"wordCount\":424,\"commentCount\":6,\"publisher\":{\"@id\":\"https:\/\/fotka.com\/blog\/#organization\"},\"image\":{\"@id\":\"https:\/\/fotka.com\/blog\/2021\/07\/roznica-wieku-w-zwiazku\/#primaryimage\"},\"thumbnailUrl\":\"https:\/\/fotka.com\/blog\/wp-content\/uploads\/2021\/07\/enjoying-tenderness-lovely-couple-having-their-mornng-coffee-together-scaled.jpg\",\"keywords\":[\"r\u00f3\u017cnica wieku\",\"zwi\u0105zek\",\"zwi\u0105zki\"],\"articleSection\":[\"FotkaPorady\"],\"inLanguage\":\"pl-PL\",\"potentialAction\":[{\"@type\":\"CommentAction\",\"name\":\"Comment\",\"target\":[\"https:\/\/fotka.com\/blog\/2021\/07\/roznica-wieku-w-zwiazku\/#respond\"]}]},{\"@type\":\"WebPage\",\"@id\":\"https:\/\/fotka.com\/blog\/2021\/07\/roznica-wieku-w-zwiazku\/\",\"url\":\"https:\/\/fotka.com\/blog\/2021\/07\/roznica-wieku-w-zwiazku\/\",\"name\":\"R\u00f3\u017cnica wieku w zwi\u0105zku | Fotka Blog o zwi\u0105zkach\",\"isPartOf\":{\"@id\":\"https:\/\/fotka.com\/blog\/#website\"},\"primaryImageOfPage\":{\"@id\":\"https:\/\/fotka.com\/blog\/2021\/07\/roznica-wieku-w-zwiazku\/#primaryimage\"},\"image\":{\"@id\":\"https:\/\/fotka.com\/blog\/2021\/07\/roznica-wieku-w-zwiazku\/#primaryimage\"},\"thumbnailUrl\":\"https:\/\/fotka.com\/blog\/wp-content\/uploads\/2021\/07\/enjoying-tenderness-lovely-couple-having-their-mornng-coffee-together-scaled.jpg\",\"datePublished\":\"2021-07-23T12:14:12+00:00\",\"description\":\"Jaka jest dopuszczalna r\u00f3\u017cnica wieku w zwi\u0105zku? Czy osoby w r\u00f3\u017cnym wieku mog\u0105 stworzy\u0107 udany zwi\u0105zek? Jakie mog\u0105 pojawi\u0107 si\u0119 wtedy konflikty?\",\"breadcrumb\":{\"@id\":\"https:\/\/fotka.com\/blog\/2021\/07\/roznica-wieku-w-zwiazku\/#breadcrumb\"},\"inLanguage\":\"pl-PL\",\"potentialAction\":[{\"@type\":\"ReadAction\",\"target\":[\"https:\/\/fotka.com\/blog\/2021\/07\/roznica-wieku-w-zwiazku\/\"]}]},{\"@type\":\"ImageObject\",\"inLanguage\":\"pl-PL\",\"@id\":\"https:\/\/fotka.com\/blog\/2021\/07\/roznica-wieku-w-zwiazku\/#primaryimage\",\"url\":\"https:\/\/fotka.com\/blog\/wp-content\/uploads\/2021\/07\/enjoying-tenderness-lovely-couple-having-their-mornng-coffee-together-scaled.jpg\",\"contentUrl\":\"https:\/\/fotka.com\/blog\/wp-content\/uploads\/2021\/07\/enjoying-tenderness-lovely-couple-having-their-mornng-coffee-together-scaled.jpg\",\"width\":2560,\"height\":1707,\"caption\":\"r\u00f3\u017cnica wieku\"},{\"@type\":\"BreadcrumbList\",\"@id\":\"https:\/\/fotka.com\/blog\/2021\/07\/roznica-wieku-w-zwiazku\/#breadcrumb\",\"itemListElement\":[{\"@type\":\"ListItem\",\"position\":1,\"name\":\"Strona g\u0142\u00f3wna\",\"item\":\"https:\/\/fotka.com\/blog\/\"},{\"@type\":\"ListItem\",\"position\":2,\"name\":\"R\u00f3\u017cnica wieku w zwi\u0105zku\"}]},{\"@type\":\"WebSite\",\"@id\":\"https:\/\/fotka.com\/blog\/#website\",\"url\":\"https:\/\/fotka.com\/blog\/\",\"name\":\"Fotka\",\"description\":\"Blog pe\u0142en porad o randkach, zwi\u0105zkach i relacjach\",\"publisher\":{\"@id\":\"https:\/\/fotka.com\/blog\/#organization\"},\"potentialAction\":[{\"@type\":\"SearchAction\",\"target\":{\"@type\":\"EntryPoint\",\"urlTemplate\":\"https:\/\/fotka.com\/blog\/?s={search_term_string}\"},\"query-input\":{\"@type\":\"PropertyValueSpecification\",\"valueRequired\":true,\"valueName\":\"search_term_string\"}}],\"inLanguage\":\"pl-PL\"},{\"@type\":\"Organization\",\"@id\":\"https:\/\/fotka.com\/blog\/#organization\",\"name\":\"Fotka\",\"url\":\"https:\/\/fotka.com\/blog\/\",\"logo\":{\"@type\":\"ImageObject\",\"inLanguage\":\"pl-PL\",\"@id\":\"https:\/\/fotka.com\/blog\/#\/schema\/logo\/image\/\",\"url\":\"https:\/\/fotka.com\/blog\/wp-content\/uploads\/2019\/11\/logo.png\",\"contentUrl\":\"https:\/\/fotka.com\/blog\/wp-content\/uploads\/2019\/11\/logo.png\",\"width\":124,\"height\":37,\"caption\":\"Fotka\"},\"image\":{\"@id\":\"https:\/\/fotka.com\/blog\/#\/schema\/logo\/image\/\"},\"sameAs\":[\"https:\/\/www.facebook.com\/fotkapl\/\",\"https:\/\/www.instagram.com\/fotka_com\/\"]},{\"@type\":\"Person\",\"@id\":\"https:\/\/fotka.com\/blog\/#\/schema\/person\/0c803c4346296d7555b6f0a85e04026a\",\"name\":\"Fotka\",\"image\":{\"@type\":\"ImageObject\",\"inLanguage\":\"pl-PL\",\"@id\":\"https:\/\/secure.gravatar.com\/avatar\/19e14dc7c39da8773573b1872576d3d5439808ed543d24575e5d331e310bd20b?s=96&d=mm&r=g\",\"url\":\"https:\/\/secure.gravatar.com\/avatar\/19e14dc7c39da8773573b1872576d3d5439808ed543d24575e5d331e310bd20b?s=96&d=mm&r=g\",\"contentUrl\":\"https:\/\/secure.gravatar.com\/avatar\/19e14dc7c39da8773573b1872576d3d5439808ed543d24575e5d331e310bd20b?s=96&d=mm&r=g\",\"caption\":\"Fotka\"},\"url\":\"https:\/\/fotka.com\/blog\/author\/karolina-janiszewska\/\"}]}<\/script>\n<!-- \/ Yoast SEO plugin. -->","yoast_head_json":{"title":"R\u00f3\u017cnica wieku w zwi\u0105zku | Fotka Blog o zwi\u0105zkach","description":"Jaka jest dopuszczalna r\u00f3\u017cnica wieku w zwi\u0105zku? Czy osoby w r\u00f3\u017cnym wieku mog\u0105 stworzy\u0107 udany zwi\u0105zek? Jakie mog\u0105 pojawi\u0107 si\u0119 wtedy konflikty?","robots":{"index":"index","follow":"follow","max-snippet":"max-snippet:-1","max-image-preview":"max-image-preview:large","max-video-preview":"max-video-preview:-1"},"canonical":"https:\/\/fotka.com\/blog\/2021\/07\/roznica-wieku-w-zwiazku\/","og_locale":"pl_PL","og_type":"article","og_title":"R\u00f3\u017cnica wieku w zwi\u0105zku | Fotka Blog o zwi\u0105zkach","og_description":"Jaka jest dopuszczalna r\u00f3\u017cnica wieku w zwi\u0105zku? Czy osoby w r\u00f3\u017cnym wieku mog\u0105 stworzy\u0107 udany zwi\u0105zek? Jakie mog\u0105 pojawi\u0107 si\u0119 wtedy konflikty?","og_url":"https:\/\/fotka.com\/blog\/2021\/07\/roznica-wieku-w-zwiazku\/","og_site_name":"Fotka","article_publisher":"https:\/\/www.facebook.com\/fotkapl\/","article_published_time":"2021-07-23T12:14:12+00:00","og_image":[{"width":2560,"height":1707,"url":"https:\/\/fotka.com\/blog\/wp-content\/uploads\/2021\/07\/enjoying-tenderness-lovely-couple-having-their-mornng-coffee-together-scaled.jpg","type":"image\/jpeg"}],"author":"Fotka","twitter_card":"summary_large_image","twitter_misc":{"Napisane przez":"Fotka","Szacowany czas czytania":"2 minuty"},"schema":{"@context":"https:\/\/schema.org","@graph":[{"@type":"Article","@id":"https:\/\/fotka.com\/blog\/2021\/07\/roznica-wieku-w-zwiazku\/#article","isPartOf":{"@id":"https:\/\/fotka.com\/blog\/2021\/07\/roznica-wieku-w-zwiazku\/"},"author":{"name":"Fotka","@id":"https:\/\/fotka.com\/blog\/#\/schema\/person\/0c803c4346296d7555b6f0a85e04026a"},"headline":"R\u00f3\u017cnica wieku w zwi\u0105zku","datePublished":"2021-07-23T12:14:12+00:00","mainEntityOfPage":{"@id":"https:\/\/fotka.com\/blog\/2021\/07\/roznica-wieku-w-zwiazku\/"},"wordCount":424,"commentCount":6,"publisher":{"@id":"https:\/\/fotka.com\/blog\/#organization"},"image":{"@id":"https:\/\/fotka.com\/blog\/2021\/07\/roznica-wieku-w-zwiazku\/#primaryimage"},"thumbnailUrl":"https:\/\/fotka.com\/blog\/wp-content\/uploads\/2021\/07\/enjoying-tenderness-lovely-couple-having-their-mornng-coffee-together-scaled.jpg","keywords":["r\u00f3\u017cnica wieku","zwi\u0105zek","zwi\u0105zki"],"articleSection":["FotkaPorady"],"inLanguage":"pl-PL","potentialAction":[{"@type":"CommentAction","name":"Comment","target":["https:\/\/fotka.com\/blog\/2021\/07\/roznica-wieku-w-zwiazku\/#respond"]}]},{"@type":"WebPage","@id":"https:\/\/fotka.com\/blog\/2021\/07\/roznica-wieku-w-zwiazku\/","url":"https:\/\/fotka.com\/blog\/2021\/07\/roznica-wieku-w-zwiazku\/","name":"R\u00f3\u017cnica wieku w zwi\u0105zku | Fotka Blog o zwi\u0105zkach","isPartOf":{"@id":"https:\/\/fotka.com\/blog\/#website"},"primaryImageOfPage":{"@id":"https:\/\/fotka.com\/blog\/2021\/07\/roznica-wieku-w-zwiazku\/#primaryimage"},"image":{"@id":"https:\/\/fotka.com\/blog\/2021\/07\/roznica-wieku-w-zwiazku\/#primaryimage"},"thumbnailUrl":"https:\/\/fotka.com\/blog\/wp-content\/uploads\/2021\/07\/enjoying-tenderness-lovely-couple-having-their-mornng-coffee-together-scaled.jpg","datePublished":"2021-07-23T12:14:12+00:00","description":"Jaka jest dopuszczalna r\u00f3\u017cnica wieku w zwi\u0105zku? Czy osoby w r\u00f3\u017cnym wieku mog\u0105 stworzy\u0107 udany zwi\u0105zek? Jakie mog\u0105 pojawi\u0107 si\u0119 wtedy konflikty?","breadcrumb":{"@id":"https:\/\/fotka.com\/blog\/2021\/07\/roznica-wieku-w-zwiazku\/#breadcrumb"},"inLanguage":"pl-PL","potentialAction":[{"@type":"ReadAction","target":["https:\/\/fotka.com\/blog\/2021\/07\/roznica-wieku-w-zwiazku\/"]}]},{"@type":"ImageObject","inLanguage":"pl-PL","@id":"https:\/\/fotka.com\/blog\/2021\/07\/roznica-wieku-w-zwiazku\/#primaryimage","url":"https:\/\/fotka.com\/blog\/wp-content\/uploads\/2021\/07\/enjoying-tenderness-lovely-couple-having-their-mornng-coffee-together-scaled.jpg","contentUrl":"https:\/\/fotka.com\/blog\/wp-content\/uploads\/2021\/07\/enjoying-tenderness-lovely-couple-having-their-mornng-coffee-together-scaled.jpg","width":2560,"height":1707,"caption":"r\u00f3\u017cnica wieku"},{"@type":"BreadcrumbList","@id":"https:\/\/fotka.com\/blog\/2021\/07\/roznica-wieku-w-zwiazku\/#breadcrumb","itemListElement":[{"@type":"ListItem","position":1,"name":"Strona g\u0142\u00f3wna","item":"https:\/\/fotka.com\/blog\/"},{"@type":"ListItem","position":2,"name":"R\u00f3\u017cnica wieku w zwi\u0105zku"}]},{"@type":"WebSite","@id":"https:\/\/fotka.com\/blog\/#website","url":"https:\/\/fotka.com\/blog\/","name":"Fotka","description":"Blog pe\u0142en porad o randkach, zwi\u0105zkach i relacjach","publisher":{"@id":"https:\/\/fotka.com\/blog\/#organization"},"potentialAction":[{"@type":"SearchAction","target":{"@type":"EntryPoint","urlTemplate":"https:\/\/fotka.com\/blog\/?s={search_term_string}"},"query-input":{"@type":"PropertyValueSpecification","valueRequired":true,"valueName":"search_term_string"}}],"inLanguage":"pl-PL"},{"@type":"Organization","@id":"https:\/\/fotka.com\/blog\/#organization","name":"Fotka","url":"https:\/\/fotka.com\/blog\/","logo":{"@type":"ImageObject","inLanguage":"pl-PL","@id":"https:\/\/fotka.com\/blog\/#\/schema\/logo\/image\/","url":"https:\/\/fotka.com\/blog\/wp-content\/uploads\/2019\/11\/logo.png","contentUrl":"https:\/\/fotka.com\/blog\/wp-content\/uploads\/2019\/11\/logo.png","width":124,"height":37,"caption":"Fotka"},"image":{"@id":"https:\/\/fotka.com\/blog\/#\/schema\/logo\/image\/"},"sameAs":["https:\/\/www.facebook.com\/fotkapl\/","https:\/\/www.instagram.com\/fotka_com\/"]},{"@type":"Person","@id":"https:\/\/fotka.com\/blog\/#\/schema\/person\/0c803c4346296d7555b6f0a85e04026a","name":"Fotka","image":{"@type":"ImageObject","inLanguage":"pl-PL","@id":"https:\/\/secure.gravatar.com\/avatar\/19e14dc7c39da8773573b1872576d3d5439808ed543d24575e5d331e310bd20b?s=96&d=mm&r=g","url":"https:\/\/secure.gravatar.com\/avatar\/19e14dc7c39da8773573b1872576d3d5439808ed543d24575e5d331e310bd20b?s=96&d=mm&r=g","contentUrl":"https:\/\/secure.gravatar.com\/avatar\/19e14dc7c39da8773573b1872576d3d5439808ed543d24575e5d331e310bd20b?s=96&d=mm&r=g","caption":"Fotka"},"url":"https:\/\/fotka.com\/blog\/author\/karolina-janiszewska\/"}]}},"_links":{"self":[{"href":"https:\/\/fotka.com\/blog\/wp-json\/wp\/v2\/posts\/976","targetHints":{"allow":["GET"]}}],"collection":[{"href":"https:\/\/fotka.com\/blog\/wp-json\/wp\/v2\/posts"}],"about":[{"href":"https:\/\/fotka.com\/blog\/wp-json\/wp\/v2\/types\/post"}],"author":[{"embeddable":true,"href":"https:\/\/fotka.com\/blog\/wp-json\/wp\/v2\/users\/5"}],"replies":[{"embeddable":true,"href":"https:\/\/fotka.com\/blog\/wp-json\/wp\/v2\/comments?post=976"}],"version-history":[{"count":2,"href":"https:\/\/fotka.com\/blog\/wp-json\/wp\/v2\/posts\/976\/revisions"}],"predecessor-version":[{"id":979,"href":"https:\/\/fotka.com\/blog\/wp-json\/wp\/v2\/posts\/976\/revisions\/979"}],"wp:featuredmedia":[{"embeddable":true,"href":"https:\/\/fotka.com\/blog\/wp-json\/wp\/v2\/media\/977"}],"wp:attachment":[{"href":"https:\/\/fotka.com\/blog\/wp-json\/wp\/v2\/media?parent=976"}],"wp:term":[{"taxonomy":"category","embeddable":true,"href":"https:\/\/fotka.com\/blog\/wp-json\/wp\/v2\/categories?post=976"},{"taxonomy":"post_tag","embeddable":true,"href":"https:\/\/fotka.com\/blog\/wp-json\/wp\/v2\/tags?post=976"}],"curies":[{"name":"wp","href":"https:\/\/api.w.org\/{rel}","templated":true}]}}