{"id":953,"date":"2021-06-18T14:27:19","date_gmt":"2021-06-18T12:27:19","guid":{"rendered":"https:\/\/fotka.com\/blog\/?p=953"},"modified":"2025-07-22T11:28:04","modified_gmt":"2025-07-22T09:28:04","slug":"wakacje-we-dwoje","status":"publish","type":"post","link":"https:\/\/fotka.com\/blog\/2021\/06\/wakacje-we-dwoje\/","title":{"rendered":"Gdzie pojecha\u0107 na wakacje we dwoje?"},"content":{"rendered":"\n<p>Wakacje we dwoje to \u015bwietna okazja, aby sp\u0119dzi\u0107 ze sob\u0105 du\u017co czasu i wzmocni\u0107 zwi\u0105zek. Gdzie pojecha\u0107 na wakacje we dwoje, je\u015bli ogranicza Was bud\u017cet? A mo\u017ce marzycie o luksusach? Poni\u017cej przedstawiamy propozycje na ka\u017cd\u0105 kiesze\u0144.<\/p>\n\n\n\n<h4 class=\"wp-block-heading\">Wakacje z (prawie) zerowym bud\u017cetem<\/h4>\n\n\n\n<p>Nie b\u0119d\u0119 ukrywa\u0107 &#8211; ten rodzaj wakacji b\u0119dzie wymaga\u0142 od Was sporo wysi\u0142ku podczas organizowania. Je\u015bli nie dysponujecie bud\u017cetem na wymarzony wyjazd, to dobrym pomys\u0142em b\u0119dzie zorientowanie si\u0119 na temat atrakcji w Waszej okolicy. Jestem pewna, \u017ce blisko Was jest kilka ciekawych miejsc, do kt\u00f3rych nigdy nie by\u0142o Wam po drodze. Poszukajcie te\u017c koniecznie w swojej okolicy przyjemnej pla\u017cy, jeziorka, k\u0105pieliska albo jakiejkolwiek miejsc\u00f3wki gdzie b\u0119dziecie mogli z\u0142apa\u0107 troch\u0119 s\u0142onka. Je\u015bli jeste\u015bcie szcz\u0119\u015bliwymi posiadaczami dzia\u0142ki rekreacyjnej na obrze\u017cach miasta, to zainwestujcie w basen do ch\u0142odzenia si\u0119 i wakacje gotowe!<\/p>\n\n\n\n<h4 class=\"wp-block-heading\">Kr\u00f3tkie wypady do innych miast<\/h4>\n\n\n\n<p>Tutaj te\u017c przyda si\u0119 odrobina kombinacji. Ta opcja pozwala na zwiedzenie kilku fajnych miejsc za stosunkowo niedu\u017ce pieni\u0105dze. Podczas planowania nocleg\u00f3w pami\u0119tajcie o por\u00f3wnywarce nocleg\u00f3w (sprawd\u017acie wi\u0119cej ni\u017c kilka i dzwo\u0144cie do hotelu zapyta\u0107 o cen\u0119) oraz nie b\u00f3jcie si\u0119 korzysta\u0107 z portali typu airb&amp;b. Je\u015bli wybieracie si\u0119 za granic\u0119, to rezerwujcie loty z wyprzedzeniem albo polujcie na promocj\u0119. Wiele europejskich miast oferuje karty, kt\u00f3re zawieraj\u0105 w sobie wej\u015bci\u00f3wki do wielu miejsc oraz transport &#8211; w ten spos\u00f3b mo\u017cna sporo zaoszcz\u0119dzi\u0107! Je\u015bli chodzi o jedzenie podczas takich wypad\u00f3w to polecam szuka\u0107 knajpek dalej od centrum miasta &#8211; b\u0119dzie taniej.<\/p>\n\n\n\n<h4 class=\"wp-block-heading\">All inclusive nie za miliony<\/h4>\n\n\n\n<p>Je\u015bli zaplanujecie wakacje z bardzo du\u017cym wyprzedzeniem, albo skorzystacie z oferty last minute, to mo\u017cecie trafi\u0107 na bardzo przyst\u0119pn\u0105 cen\u0119. Najbardziej atrakcyjne oferty s\u0105, gdy wylot jest za dzie\u0144 lub dwa, wi\u0119c je\u015bli to nie jest problem dla Waszego pracodawcy, to mo\u017cecie zwiedzi\u0107 spory kawa\u0142ek \u015bwiata za sensowne pieni\u0105dze. Szukajcie opinii o danym hotelu na przyk\u0142ad na Tripadvisor &#8211; cz\u0119sto mo\u017cna tam znale\u017a\u0107 porady na temat wycieczek (te organizowane przez biuro podr\u00f3\u017cy s\u0105 znacznie dro\u017csze) oraz na temat pobliskich knajp i atrakcji.<\/p>\n\n\n\n<h4 class=\"wp-block-heading\">Pe\u0142en luksus<\/h4>\n\n\n\n<p>Organizacja takich wakacji wymaga od Ciebie jedynie kilku klikni\u0119\u0107 i&#8230; zasobnego portfela. Je\u015bli nie ogranicza Was bud\u017cet &#8211; proponujemy takie kierunki jak: Zanzibar, Sri Lanka, Wyspy Zielonego Przyl\u0105dka, Dominikana czy Meksyk. Je\u015bli natomiast naprawd\u0119 jeste\u015bcie bogaci, mo\u017ce b\u0119dzie Was sta\u0107 na pobyt w Sopocie czy Ko\u0142obrzegu.<\/p>\n\n\n\n<p>Wi\u0119cej porad znajdziesz <strong><span style=\"text-decoration: underline;\">tutaj<\/span><\/strong>.<\/p>\n","protected":false},"excerpt":{"rendered":"<p>Wakacje we dwoje to \u015bwietna okazja, aby sp\u0119dzi\u0107 ze sob\u0105 du\u017co czasu i wzmocni\u0107 zwi\u0105zek. Prezentujemy pomys\u0142y na wakacje na ka\u017cd\u0105 kiesze\u0144.<\/p>\n","protected":false},"author":5,"featured_media":954,"comment_status":"open","ping_status":"closed","sticky":false,"template":"","format":"standard","meta":{"footnotes":""},"categories":[2],"tags":[102,8],"class_list":["post-953","post","type-post","status-publish","format-standard","has-post-thumbnail","hentry","category-fotka-porady","tag-wakacje","tag-zwiazek"],"yoast_head":"<!-- This site is optimized with the Yoast SEO plugin v27.2 - https:\/\/yoast.com\/product\/yoast-seo-wordpress\/ -->\n<title>Gdzie pojecha\u0107 na wakacje we dwoje? Pomys\u0142y na ka\u017cd\u0105 kiesze\u0144 | Fotka<\/title>\n<meta name=\"description\" content=\"Wakacje we dwoje to \u015bwietna okazja, aby sp\u0119dzi\u0107 ze sob\u0105 du\u017co czasu i wzmocni\u0107 zwi\u0105zek. Prezentujemy pomys\u0142y na wakacje na ka\u017cd\u0105 kiesze\u0144.\" \/>\n<meta name=\"robots\" content=\"index, follow, max-snippet:-1, max-image-preview:large, max-video-preview:-1\" \/>\n<link rel=\"canonical\" href=\"https:\/\/fotka.com\/blog\/2021\/06\/wakacje-we-dwoje\/\" \/>\n<meta property=\"og:locale\" content=\"pl_PL\" \/>\n<meta property=\"og:type\" content=\"article\" \/>\n<meta property=\"og:title\" content=\"Gdzie pojecha\u0107 na wakacje we dwoje? Pomys\u0142y na ka\u017cd\u0105 kiesze\u0144 | Fotka\" \/>\n<meta property=\"og:description\" content=\"Wakacje we dwoje to \u015bwietna okazja, aby sp\u0119dzi\u0107 ze sob\u0105 du\u017co czasu i wzmocni\u0107 zwi\u0105zek. Prezentujemy pomys\u0142y na wakacje na ka\u017cd\u0105 kiesze\u0144.\" \/>\n<meta property=\"og:url\" content=\"https:\/\/fotka.com\/blog\/2021\/06\/wakacje-we-dwoje\/\" \/>\n<meta property=\"og:site_name\" content=\"Fotka\" \/>\n<meta property=\"article:publisher\" content=\"https:\/\/www.facebook.com\/fotkapl\/\" \/>\n<meta property=\"article:published_time\" content=\"2021-06-18T12:27:19+00:00\" \/>\n<meta property=\"article:modified_time\" content=\"2025-07-22T09:28:04+00:00\" \/>\n<meta property=\"og:image\" content=\"https:\/\/fotka.com\/blog\/wp-content\/uploads\/2021\/06\/relax-couple-lay-down-beach-chiar-with-sea-wave-man-woman-have-vacation-sea-nature-concept-scaled.jpg\" \/>\n\t<meta property=\"og:image:width\" content=\"2560\" \/>\n\t<meta property=\"og:image:height\" content=\"1709\" \/>\n\t<meta property=\"og:image:type\" content=\"image\/jpeg\" \/>\n<meta name=\"author\" content=\"Fotka\" \/>\n<meta name=\"twitter:card\" content=\"summary_large_image\" \/>\n<meta name=\"twitter:label1\" content=\"Napisane przez\" \/>\n\t<meta name=\"twitter:data1\" content=\"Fotka\" \/>\n\t<meta name=\"twitter:label2\" content=\"Szacowany czas czytania\" \/>\n\t<meta name=\"twitter:data2\" content=\"3 minuty\" \/>\n<script type=\"application\/ld+json\" class=\"yoast-schema-graph\">{\"@context\":\"https:\/\/schema.org\",\"@graph\":[{\"@type\":\"Article\",\"@id\":\"https:\/\/fotka.com\/blog\/2021\/06\/wakacje-we-dwoje\/#article\",\"isPartOf\":{\"@id\":\"https:\/\/fotka.com\/blog\/2021\/06\/wakacje-we-dwoje\/\"},\"author\":{\"name\":\"Fotka\",\"@id\":\"https:\/\/fotka.com\/blog\/#\/schema\/person\/0c803c4346296d7555b6f0a85e04026a\"},\"headline\":\"Gdzie pojecha\u0107 na wakacje we dwoje?\",\"datePublished\":\"2021-06-18T12:27:19+00:00\",\"dateModified\":\"2025-07-22T09:28:04+00:00\",\"mainEntityOfPage\":{\"@id\":\"https:\/\/fotka.com\/blog\/2021\/06\/wakacje-we-dwoje\/\"},\"wordCount\":456,\"commentCount\":1,\"publisher\":{\"@id\":\"https:\/\/fotka.com\/blog\/#organization\"},\"image\":{\"@id\":\"https:\/\/fotka.com\/blog\/2021\/06\/wakacje-we-dwoje\/#primaryimage\"},\"thumbnailUrl\":\"https:\/\/fotka.com\/blog\/wp-content\/uploads\/2021\/06\/relax-couple-lay-down-beach-chiar-with-sea-wave-man-woman-have-vacation-sea-nature-concept-scaled.jpg\",\"keywords\":[\"wakacje\",\"zwi\u0105zek\"],\"articleSection\":[\"FotkaPorady\"],\"inLanguage\":\"pl-PL\",\"potentialAction\":[{\"@type\":\"CommentAction\",\"name\":\"Comment\",\"target\":[\"https:\/\/fotka.com\/blog\/2021\/06\/wakacje-we-dwoje\/#respond\"]}]},{\"@type\":\"WebPage\",\"@id\":\"https:\/\/fotka.com\/blog\/2021\/06\/wakacje-we-dwoje\/\",\"url\":\"https:\/\/fotka.com\/blog\/2021\/06\/wakacje-we-dwoje\/\",\"name\":\"Gdzie pojecha\u0107 na wakacje we dwoje? Pomys\u0142y na ka\u017cd\u0105 kiesze\u0144 | Fotka\",\"isPartOf\":{\"@id\":\"https:\/\/fotka.com\/blog\/#website\"},\"primaryImageOfPage\":{\"@id\":\"https:\/\/fotka.com\/blog\/2021\/06\/wakacje-we-dwoje\/#primaryimage\"},\"image\":{\"@id\":\"https:\/\/fotka.com\/blog\/2021\/06\/wakacje-we-dwoje\/#primaryimage\"},\"thumbnailUrl\":\"https:\/\/fotka.com\/blog\/wp-content\/uploads\/2021\/06\/relax-couple-lay-down-beach-chiar-with-sea-wave-man-woman-have-vacation-sea-nature-concept-scaled.jpg\",\"datePublished\":\"2021-06-18T12:27:19+00:00\",\"dateModified\":\"2025-07-22T09:28:04+00:00\",\"description\":\"Wakacje we dwoje to \u015bwietna okazja, aby sp\u0119dzi\u0107 ze sob\u0105 du\u017co czasu i wzmocni\u0107 zwi\u0105zek. Prezentujemy pomys\u0142y na wakacje na ka\u017cd\u0105 kiesze\u0144.\",\"breadcrumb\":{\"@id\":\"https:\/\/fotka.com\/blog\/2021\/06\/wakacje-we-dwoje\/#breadcrumb\"},\"inLanguage\":\"pl-PL\",\"potentialAction\":[{\"@type\":\"ReadAction\",\"target\":[\"https:\/\/fotka.com\/blog\/2021\/06\/wakacje-we-dwoje\/\"]}]},{\"@type\":\"ImageObject\",\"inLanguage\":\"pl-PL\",\"@id\":\"https:\/\/fotka.com\/blog\/2021\/06\/wakacje-we-dwoje\/#primaryimage\",\"url\":\"https:\/\/fotka.com\/blog\/wp-content\/uploads\/2021\/06\/relax-couple-lay-down-beach-chiar-with-sea-wave-man-woman-have-vacation-sea-nature-concept-scaled.jpg\",\"contentUrl\":\"https:\/\/fotka.com\/blog\/wp-content\/uploads\/2021\/06\/relax-couple-lay-down-beach-chiar-with-sea-wave-man-woman-have-vacation-sea-nature-concept-scaled.jpg\",\"width\":2560,\"height\":1709,\"caption\":\"wakacje we dwoje\"},{\"@type\":\"BreadcrumbList\",\"@id\":\"https:\/\/fotka.com\/blog\/2021\/06\/wakacje-we-dwoje\/#breadcrumb\",\"itemListElement\":[{\"@type\":\"ListItem\",\"position\":1,\"name\":\"Strona g\u0142\u00f3wna\",\"item\":\"https:\/\/fotka.com\/blog\/\"},{\"@type\":\"ListItem\",\"position\":2,\"name\":\"Gdzie pojecha\u0107 na wakacje we dwoje?\"}]},{\"@type\":\"WebSite\",\"@id\":\"https:\/\/fotka.com\/blog\/#website\",\"url\":\"https:\/\/fotka.com\/blog\/\",\"name\":\"Fotka\",\"description\":\"Blog pe\u0142en porad o randkach, zwi\u0105zkach i relacjach\",\"publisher\":{\"@id\":\"https:\/\/fotka.com\/blog\/#organization\"},\"potentialAction\":[{\"@type\":\"SearchAction\",\"target\":{\"@type\":\"EntryPoint\",\"urlTemplate\":\"https:\/\/fotka.com\/blog\/?s={search_term_string}\"},\"query-input\":{\"@type\":\"PropertyValueSpecification\",\"valueRequired\":true,\"valueName\":\"search_term_string\"}}],\"inLanguage\":\"pl-PL\"},{\"@type\":\"Organization\",\"@id\":\"https:\/\/fotka.com\/blog\/#organization\",\"name\":\"Fotka\",\"url\":\"https:\/\/fotka.com\/blog\/\",\"logo\":{\"@type\":\"ImageObject\",\"inLanguage\":\"pl-PL\",\"@id\":\"https:\/\/fotka.com\/blog\/#\/schema\/logo\/image\/\",\"url\":\"https:\/\/fotka.com\/blog\/wp-content\/uploads\/2019\/11\/logo.png\",\"contentUrl\":\"https:\/\/fotka.com\/blog\/wp-content\/uploads\/2019\/11\/logo.png\",\"width\":124,\"height\":37,\"caption\":\"Fotka\"},\"image\":{\"@id\":\"https:\/\/fotka.com\/blog\/#\/schema\/logo\/image\/\"},\"sameAs\":[\"https:\/\/www.facebook.com\/fotkapl\/\",\"https:\/\/www.instagram.com\/fotka_com\/\"]},{\"@type\":\"Person\",\"@id\":\"https:\/\/fotka.com\/blog\/#\/schema\/person\/0c803c4346296d7555b6f0a85e04026a\",\"name\":\"Fotka\",\"image\":{\"@type\":\"ImageObject\",\"inLanguage\":\"pl-PL\",\"@id\":\"https:\/\/secure.gravatar.com\/avatar\/19e14dc7c39da8773573b1872576d3d5439808ed543d24575e5d331e310bd20b?s=96&d=mm&r=g\",\"url\":\"https:\/\/secure.gravatar.com\/avatar\/19e14dc7c39da8773573b1872576d3d5439808ed543d24575e5d331e310bd20b?s=96&d=mm&r=g\",\"contentUrl\":\"https:\/\/secure.gravatar.com\/avatar\/19e14dc7c39da8773573b1872576d3d5439808ed543d24575e5d331e310bd20b?s=96&d=mm&r=g\",\"caption\":\"Fotka\"},\"url\":\"https:\/\/fotka.com\/blog\/author\/karolina-janiszewska\/\"}]}<\/script>\n<!-- \/ Yoast SEO plugin. -->","yoast_head_json":{"title":"Gdzie pojecha\u0107 na wakacje we dwoje? Pomys\u0142y na ka\u017cd\u0105 kiesze\u0144 | Fotka","description":"Wakacje we dwoje to \u015bwietna okazja, aby sp\u0119dzi\u0107 ze sob\u0105 du\u017co czasu i wzmocni\u0107 zwi\u0105zek. Prezentujemy pomys\u0142y na wakacje na ka\u017cd\u0105 kiesze\u0144.","robots":{"index":"index","follow":"follow","max-snippet":"max-snippet:-1","max-image-preview":"max-image-preview:large","max-video-preview":"max-video-preview:-1"},"canonical":"https:\/\/fotka.com\/blog\/2021\/06\/wakacje-we-dwoje\/","og_locale":"pl_PL","og_type":"article","og_title":"Gdzie pojecha\u0107 na wakacje we dwoje? Pomys\u0142y na ka\u017cd\u0105 kiesze\u0144 | Fotka","og_description":"Wakacje we dwoje to \u015bwietna okazja, aby sp\u0119dzi\u0107 ze sob\u0105 du\u017co czasu i wzmocni\u0107 zwi\u0105zek. Prezentujemy pomys\u0142y na wakacje na ka\u017cd\u0105 kiesze\u0144.","og_url":"https:\/\/fotka.com\/blog\/2021\/06\/wakacje-we-dwoje\/","og_site_name":"Fotka","article_publisher":"https:\/\/www.facebook.com\/fotkapl\/","article_published_time":"2021-06-18T12:27:19+00:00","article_modified_time":"2025-07-22T09:28:04+00:00","og_image":[{"width":2560,"height":1709,"url":"https:\/\/fotka.com\/blog\/wp-content\/uploads\/2021\/06\/relax-couple-lay-down-beach-chiar-with-sea-wave-man-woman-have-vacation-sea-nature-concept-scaled.jpg","type":"image\/jpeg"}],"author":"Fotka","twitter_card":"summary_large_image","twitter_misc":{"Napisane przez":"Fotka","Szacowany czas czytania":"3 minuty"},"schema":{"@context":"https:\/\/schema.org","@graph":[{"@type":"Article","@id":"https:\/\/fotka.com\/blog\/2021\/06\/wakacje-we-dwoje\/#article","isPartOf":{"@id":"https:\/\/fotka.com\/blog\/2021\/06\/wakacje-we-dwoje\/"},"author":{"name":"Fotka","@id":"https:\/\/fotka.com\/blog\/#\/schema\/person\/0c803c4346296d7555b6f0a85e04026a"},"headline":"Gdzie pojecha\u0107 na wakacje we dwoje?","datePublished":"2021-06-18T12:27:19+00:00","dateModified":"2025-07-22T09:28:04+00:00","mainEntityOfPage":{"@id":"https:\/\/fotka.com\/blog\/2021\/06\/wakacje-we-dwoje\/"},"wordCount":456,"commentCount":1,"publisher":{"@id":"https:\/\/fotka.com\/blog\/#organization"},"image":{"@id":"https:\/\/fotka.com\/blog\/2021\/06\/wakacje-we-dwoje\/#primaryimage"},"thumbnailUrl":"https:\/\/fotka.com\/blog\/wp-content\/uploads\/2021\/06\/relax-couple-lay-down-beach-chiar-with-sea-wave-man-woman-have-vacation-sea-nature-concept-scaled.jpg","keywords":["wakacje","zwi\u0105zek"],"articleSection":["FotkaPorady"],"inLanguage":"pl-PL","potentialAction":[{"@type":"CommentAction","name":"Comment","target":["https:\/\/fotka.com\/blog\/2021\/06\/wakacje-we-dwoje\/#respond"]}]},{"@type":"WebPage","@id":"https:\/\/fotka.com\/blog\/2021\/06\/wakacje-we-dwoje\/","url":"https:\/\/fotka.com\/blog\/2021\/06\/wakacje-we-dwoje\/","name":"Gdzie pojecha\u0107 na wakacje we dwoje? Pomys\u0142y na ka\u017cd\u0105 kiesze\u0144 | Fotka","isPartOf":{"@id":"https:\/\/fotka.com\/blog\/#website"},"primaryImageOfPage":{"@id":"https:\/\/fotka.com\/blog\/2021\/06\/wakacje-we-dwoje\/#primaryimage"},"image":{"@id":"https:\/\/fotka.com\/blog\/2021\/06\/wakacje-we-dwoje\/#primaryimage"},"thumbnailUrl":"https:\/\/fotka.com\/blog\/wp-content\/uploads\/2021\/06\/relax-couple-lay-down-beach-chiar-with-sea-wave-man-woman-have-vacation-sea-nature-concept-scaled.jpg","datePublished":"2021-06-18T12:27:19+00:00","dateModified":"2025-07-22T09:28:04+00:00","description":"Wakacje we dwoje to \u015bwietna okazja, aby sp\u0119dzi\u0107 ze sob\u0105 du\u017co czasu i wzmocni\u0107 zwi\u0105zek. Prezentujemy pomys\u0142y na wakacje na ka\u017cd\u0105 kiesze\u0144.","breadcrumb":{"@id":"https:\/\/fotka.com\/blog\/2021\/06\/wakacje-we-dwoje\/#breadcrumb"},"inLanguage":"pl-PL","potentialAction":[{"@type":"ReadAction","target":["https:\/\/fotka.com\/blog\/2021\/06\/wakacje-we-dwoje\/"]}]},{"@type":"ImageObject","inLanguage":"pl-PL","@id":"https:\/\/fotka.com\/blog\/2021\/06\/wakacje-we-dwoje\/#primaryimage","url":"https:\/\/fotka.com\/blog\/wp-content\/uploads\/2021\/06\/relax-couple-lay-down-beach-chiar-with-sea-wave-man-woman-have-vacation-sea-nature-concept-scaled.jpg","contentUrl":"https:\/\/fotka.com\/blog\/wp-content\/uploads\/2021\/06\/relax-couple-lay-down-beach-chiar-with-sea-wave-man-woman-have-vacation-sea-nature-concept-scaled.jpg","width":2560,"height":1709,"caption":"wakacje we dwoje"},{"@type":"BreadcrumbList","@id":"https:\/\/fotka.com\/blog\/2021\/06\/wakacje-we-dwoje\/#breadcrumb","itemListElement":[{"@type":"ListItem","position":1,"name":"Strona g\u0142\u00f3wna","item":"https:\/\/fotka.com\/blog\/"},{"@type":"ListItem","position":2,"name":"Gdzie pojecha\u0107 na wakacje we dwoje?"}]},{"@type":"WebSite","@id":"https:\/\/fotka.com\/blog\/#website","url":"https:\/\/fotka.com\/blog\/","name":"Fotka","description":"Blog pe\u0142en porad o randkach, zwi\u0105zkach i relacjach","publisher":{"@id":"https:\/\/fotka.com\/blog\/#organization"},"potentialAction":[{"@type":"SearchAction","target":{"@type":"EntryPoint","urlTemplate":"https:\/\/fotka.com\/blog\/?s={search_term_string}"},"query-input":{"@type":"PropertyValueSpecification","valueRequired":true,"valueName":"search_term_string"}}],"inLanguage":"pl-PL"},{"@type":"Organization","@id":"https:\/\/fotka.com\/blog\/#organization","name":"Fotka","url":"https:\/\/fotka.com\/blog\/","logo":{"@type":"ImageObject","inLanguage":"pl-PL","@id":"https:\/\/fotka.com\/blog\/#\/schema\/logo\/image\/","url":"https:\/\/fotka.com\/blog\/wp-content\/uploads\/2019\/11\/logo.png","contentUrl":"https:\/\/fotka.com\/blog\/wp-content\/uploads\/2019\/11\/logo.png","width":124,"height":37,"caption":"Fotka"},"image":{"@id":"https:\/\/fotka.com\/blog\/#\/schema\/logo\/image\/"},"sameAs":["https:\/\/www.facebook.com\/fotkapl\/","https:\/\/www.instagram.com\/fotka_com\/"]},{"@type":"Person","@id":"https:\/\/fotka.com\/blog\/#\/schema\/person\/0c803c4346296d7555b6f0a85e04026a","name":"Fotka","image":{"@type":"ImageObject","inLanguage":"pl-PL","@id":"https:\/\/secure.gravatar.com\/avatar\/19e14dc7c39da8773573b1872576d3d5439808ed543d24575e5d331e310bd20b?s=96&d=mm&r=g","url":"https:\/\/secure.gravatar.com\/avatar\/19e14dc7c39da8773573b1872576d3d5439808ed543d24575e5d331e310bd20b?s=96&d=mm&r=g","contentUrl":"https:\/\/secure.gravatar.com\/avatar\/19e14dc7c39da8773573b1872576d3d5439808ed543d24575e5d331e310bd20b?s=96&d=mm&r=g","caption":"Fotka"},"url":"https:\/\/fotka.com\/blog\/author\/karolina-janiszewska\/"}]}},"_links":{"self":[{"href":"https:\/\/fotka.com\/blog\/wp-json\/wp\/v2\/posts\/953","targetHints":{"allow":["GET"]}}],"collection":[{"href":"https:\/\/fotka.com\/blog\/wp-json\/wp\/v2\/posts"}],"about":[{"href":"https:\/\/fotka.com\/blog\/wp-json\/wp\/v2\/types\/post"}],"author":[{"embeddable":true,"href":"https:\/\/fotka.com\/blog\/wp-json\/wp\/v2\/users\/5"}],"replies":[{"embeddable":true,"href":"https:\/\/fotka.com\/blog\/wp-json\/wp\/v2\/comments?post=953"}],"version-history":[{"count":2,"href":"https:\/\/fotka.com\/blog\/wp-json\/wp\/v2\/posts\/953\/revisions"}],"predecessor-version":[{"id":956,"href":"https:\/\/fotka.com\/blog\/wp-json\/wp\/v2\/posts\/953\/revisions\/956"}],"wp:featuredmedia":[{"embeddable":true,"href":"https:\/\/fotka.com\/blog\/wp-json\/wp\/v2\/media\/954"}],"wp:attachment":[{"href":"https:\/\/fotka.com\/blog\/wp-json\/wp\/v2\/media?parent=953"}],"wp:term":[{"taxonomy":"category","embeddable":true,"href":"https:\/\/fotka.com\/blog\/wp-json\/wp\/v2\/categories?post=953"},{"taxonomy":"post_tag","embeddable":true,"href":"https:\/\/fotka.com\/blog\/wp-json\/wp\/v2\/tags?post=953"}],"curies":[{"name":"wp","href":"https:\/\/api.w.org\/{rel}","templated":true}]}}