{"id":198,"date":"2020-07-23T13:30:00","date_gmt":"2020-07-23T11:30:00","guid":{"rendered":"https:\/\/fotka.com\/blog\/?p=198"},"modified":"2021-04-23T09:36:02","modified_gmt":"2021-04-23T07:36:02","slug":"gdzie-pojsc-na-pierwsza-randke","status":"publish","type":"post","link":"https:\/\/fotka.com\/blog\/2020\/07\/gdzie-pojsc-na-pierwsza-randke\/","title":{"rendered":"Gdzie p\u00f3j\u015b\u0107 na pierwsz\u0105 randk\u0119?"},"content":{"rendered":"\n<p>Skoro ju\u017c wiesz, \u017ce <a href=\"https:\/\/fotka.com\/blog\/2019\/11\/pierwsza-randka-nie-taka-straszna\/\">pierwsza randka nie taka straszna<\/a>, wiesz jak si\u0119 ubra\u0107, o czym porozmawia\u0107 to czas najwy\u017cszy zdecydowa\u0107: gdzie p\u00f3j\u015b\u0107 na pierwsz\u0105 randk\u0119? Przecie\u017c \u017cycie nie kr\u0119ci si\u0119 tylko wok\u00f3\u0142 randek online, prawda?<\/p>\n\n\n\n<h2 class=\"wp-block-heading\">Klasyk &#8211; kino i kolacja<\/h2>\n\n\n\n<div class=\"wp-block-image\"><figure class=\"alignright size-large is-resized\"><img loading=\"lazy\" decoding=\"async\" src=\"https:\/\/fotka.com\/blog\/wp-content\/uploads\/2019\/12\/646300-POQ2BM-253-1024x683.jpg\" alt=\"Randka w kinie\" class=\"wp-image-200\" width=\"232\" height=\"154\" srcset=\"https:\/\/fotka.com\/blog\/wp-content\/uploads\/2019\/12\/646300-POQ2BM-253-1024x683.jpg 1024w, https:\/\/fotka.com\/blog\/wp-content\/uploads\/2019\/12\/646300-POQ2BM-253-300x200.jpg 300w, https:\/\/fotka.com\/blog\/wp-content\/uploads\/2019\/12\/646300-POQ2BM-253-768x513.jpg 768w, https:\/\/fotka.com\/blog\/wp-content\/uploads\/2019\/12\/646300-POQ2BM-253-1536x1025.jpg 1536w, https:\/\/fotka.com\/blog\/wp-content\/uploads\/2019\/12\/646300-POQ2BM-253-2048x1367.jpg 2048w, https:\/\/fotka.com\/blog\/wp-content\/uploads\/2019\/12\/646300-POQ2BM-253-720x480.jpg 720w, https:\/\/fotka.com\/blog\/wp-content\/uploads\/2019\/12\/646300-POQ2BM-253-360x240.jpg 360w\" sizes=\"auto, (max-width: 232px) 100vw, 232px\" \/><\/figure><\/div>\n\n\n\n<p>Czy sztampowo oznacza \u017ale? Niekoniecznie! Ale to od Was zale\u017cy czy b\u0119dzie to randka jak ka\u017cda inna czy te\u017c <strong>spotkanie wszechczas\u00f3w<\/strong>. Wybieraj\u0105c restauracj\u0119 na pierwsz\u0105 randk\u0119 mo\u017cecie uda\u0107 si\u0119 w miejsce w kt\u00f3rym nigdy nie byli\u015bcie, dzi\u0119ki temu odkryjecie <strong>nowe smaki<\/strong>, b\u0119dziecie mieli odwag\u0119 na eksperymenty kulinarne a temat do rozm\u00f3w nasunie si\u0119 sam! W kwestii kina &#8211; <strong>odradzamy<\/strong> dramaty i filmy o ci\u0119\u017ckiej tematyce. Sugerujemy raczej jaki\u015b <strong>romantyczny bana\u0142 albo horror<\/strong> (je\u015bli oboje lubicie si\u0119 ba\u0107). Sk\u0105d taka rada? Z kina wychodzimy cz\u0119sto ze spor\u0105 dawk\u0105 emocji, wi\u0119c warto zadba\u0107 aby by\u0142y one pozytywne i dobrze nastraja\u0142y na dalsz\u0105 cz\u0119\u015b\u0107 spotkania \ud83d\ude42<\/p>\n\n\n\n<h2 class=\"wp-block-heading\">Co\u015b dla fan\u00f3w muzyki &#8211; koncert<\/h2>\n\n\n\n<div class=\"wp-block-image\"><figure class=\"alignleft size-large is-resized\"><img loading=\"lazy\" decoding=\"async\" src=\"https:\/\/fotka.com\/blog\/wp-content\/uploads\/2019\/12\/204398-OZ3P4A-964-1024x683.jpg\" alt=\"Randka na koncercie\" class=\"wp-image-203\" width=\"239\" height=\"159\" srcset=\"https:\/\/fotka.com\/blog\/wp-content\/uploads\/2019\/12\/204398-OZ3P4A-964-1024x683.jpg 1024w, https:\/\/fotka.com\/blog\/wp-content\/uploads\/2019\/12\/204398-OZ3P4A-964-300x200.jpg 300w, https:\/\/fotka.com\/blog\/wp-content\/uploads\/2019\/12\/204398-OZ3P4A-964-768x512.jpg 768w, https:\/\/fotka.com\/blog\/wp-content\/uploads\/2019\/12\/204398-OZ3P4A-964-1536x1024.jpg 1536w, https:\/\/fotka.com\/blog\/wp-content\/uploads\/2019\/12\/204398-OZ3P4A-964-2048x1365.jpg 2048w, https:\/\/fotka.com\/blog\/wp-content\/uploads\/2019\/12\/204398-OZ3P4A-964-720x480.jpg 720w, https:\/\/fotka.com\/blog\/wp-content\/uploads\/2019\/12\/204398-OZ3P4A-964-360x240.jpg 360w\" sizes=\"auto, (max-width: 239px) 100vw, 239px\" \/><\/figure><\/div>\n\n\n\n<p>Niewiele rzeczy na \u015bwiecie \u0142\u0105czy ludzi tak jak <strong>muzyka<\/strong>. Wi\u0119c je\u015bli w Waszej okolicy odbywa si\u0119 <strong>koncert ulubionego artysty<\/strong> Waszej dw\u00f3jki albo jednego z Was, to powinni\u015bcie si\u0119 tam wybra\u0107! Dobra muzyka zawsze nastraja pozytywnie, daje zastrzyk energii i przynosi ch\u0119ci do dzia\u0142ania. P\u00f3\u017aniej, je\u015bli obojgu to pasuje, mo\u017cecie i\u015b\u0107 do pubu albo cocktail baru na piwko lub drinka, co Wy na to?<\/p>\n\n\n\n<h2 class=\"wp-block-heading\">Sztuka wy\u017csza &#8211; galeria, muzeum, teatr, opera<\/h2>\n\n\n\n<div class=\"wp-block-image\"><figure class=\"alignright size-large is-resized\"><img loading=\"lazy\" decoding=\"async\" src=\"https:\/\/fotka.com\/blog\/wp-content\/uploads\/2019\/12\/4-1024x775.jpg\" alt=\"Randka w operze\" class=\"wp-image-204\" width=\"244\" height=\"184\" srcset=\"https:\/\/fotka.com\/blog\/wp-content\/uploads\/2019\/12\/4-1024x775.jpg 1024w, https:\/\/fotka.com\/blog\/wp-content\/uploads\/2019\/12\/4-300x227.jpg 300w, https:\/\/fotka.com\/blog\/wp-content\/uploads\/2019\/12\/4-768x582.jpg 768w, https:\/\/fotka.com\/blog\/wp-content\/uploads\/2019\/12\/4-1536x1163.jpg 1536w, https:\/\/fotka.com\/blog\/wp-content\/uploads\/2019\/12\/4-2048x1551.jpg 2048w, https:\/\/fotka.com\/blog\/wp-content\/uploads\/2019\/12\/4-320x240.jpg 320w, https:\/\/fotka.com\/blog\/wp-content\/uploads\/2019\/12\/4-100x75.jpg 100w\" sizes=\"auto, (max-width: 244px) 100vw, 244px\" \/><\/figure><\/div>\n\n\n\n<p>Pierwsza randka w takich miejscach to \u015bwietny pomys\u0142 pod warunkiem, \u017ce <strong>oboje interesujecie si\u0119 sztuk\u0105<\/strong>. Wsp\u00f3lne wyj\u015bcie do teatru b\u0105d\u017a opery jest niezwykle <strong>romantyczne<\/strong> &#8211; pi\u0119kna muzyka, niezwyk\u0142a oprawa i Wy w eleganckich ubraniach. P\u00f3\u017aniej <strong>kolacja przy \u015bwiecach<\/strong> i mamy przepis na udan\u0105 pierwsz\u0105 randk\u0119. Zaproszenie jej b\u0105d\u017a jego do galerii, kiedy akurat odbywa si\u0119 wystawa <strong>ulubionego artysty<\/strong> do dow\u00f3d na to, \u017ce s\u0142uchasz co do Ciebie m\u00f3wi druga osoba.&nbsp;<\/p>\n\n\n\n<h2 class=\"wp-block-heading\">Dla tych, co nie potrafi\u0105 usiedzie\u0107 w miejscu<\/h2>\n\n\n\n<div class=\"wp-block-image\"><figure class=\"alignleft size-large is-resized\"><img loading=\"lazy\" decoding=\"async\" src=\"https:\/\/fotka.com\/blog\/wp-content\/uploads\/2019\/12\/6095-1024x683.jpg\" alt=\"Aktywny wypoczynek\" class=\"wp-image-205\" width=\"246\" height=\"164\" srcset=\"https:\/\/fotka.com\/blog\/wp-content\/uploads\/2019\/12\/6095-1024x683.jpg 1024w, https:\/\/fotka.com\/blog\/wp-content\/uploads\/2019\/12\/6095-300x200.jpg 300w, https:\/\/fotka.com\/blog\/wp-content\/uploads\/2019\/12\/6095-768x512.jpg 768w, https:\/\/fotka.com\/blog\/wp-content\/uploads\/2019\/12\/6095-1536x1024.jpg 1536w, https:\/\/fotka.com\/blog\/wp-content\/uploads\/2019\/12\/6095-2048x1365.jpg 2048w, https:\/\/fotka.com\/blog\/wp-content\/uploads\/2019\/12\/6095-720x480.jpg 720w, https:\/\/fotka.com\/blog\/wp-content\/uploads\/2019\/12\/6095-360x240.jpg 360w\" sizes=\"auto, (max-width: 246px) 100vw, 246px\" \/><\/figure><\/div>\n\n\n\n<p>Je\u015bli oboje jeste\u015bcie<strong> sportowymi \u015bwirami<\/strong> to \u015bcianka wspinaczkowa jest dla Was idealnym rozwi\u0105zaniem! To samo tyczy si\u0119 takich dyscyplin jak rower, rolki itp. <strong>Sportow\u0105 randk\u0119<\/strong> odradzamy, kiedy chcesz przyprowadzi\u0107 kogo\u015b na sw\u00f3j trening. Uwierz nam &#8211; Twoja randka nie poczuje si\u0119 dobrze wiedz\u0105c, \u017ce jest oceniana przez znajomych z treningu.<br><\/p>\n\n\n\n<h2 class=\"wp-block-heading\">Odpowiednio do pory roku<\/h2>\n\n\n\n<div class=\"wp-block-image\"><figure class=\"alignright size-large is-resized\"><img loading=\"lazy\" decoding=\"async\" src=\"https:\/\/fotka.com\/blog\/wp-content\/uploads\/2019\/12\/474-1024x683.jpg\" alt=\"Randka w zim\u0119\" class=\"wp-image-206\" width=\"245\" height=\"163\" srcset=\"https:\/\/fotka.com\/blog\/wp-content\/uploads\/2019\/12\/474-1024x683.jpg 1024w, https:\/\/fotka.com\/blog\/wp-content\/uploads\/2019\/12\/474-300x200.jpg 300w, https:\/\/fotka.com\/blog\/wp-content\/uploads\/2019\/12\/474-768x512.jpg 768w, https:\/\/fotka.com\/blog\/wp-content\/uploads\/2019\/12\/474-1536x1024.jpg 1536w, https:\/\/fotka.com\/blog\/wp-content\/uploads\/2019\/12\/474-2048x1365.jpg 2048w, https:\/\/fotka.com\/blog\/wp-content\/uploads\/2019\/12\/474-720x480.jpg 720w, https:\/\/fotka.com\/blog\/wp-content\/uploads\/2019\/12\/474-360x240.jpg 360w\" sizes=\"auto, (max-width: 245px) 100vw, 245px\" \/><\/figure><\/div>\n\n\n\n<p>Swoj\u0105 pierwsz\u0105 randk\u0119 warto dostosowa\u0107 do pory roku. <strong>Zim\u0105<\/strong> warto wybra\u0107 si\u0119 na lodowisko lub sanki a p\u00f3\u017aniej ogrza\u0107 si\u0119 przy kubku gor\u0105cej czekolady. W wielu miastach o tej porze roku parki b\u0142yszcz\u0105 od tysi\u0119cy \u015bwiate\u0142ek. Romantycznie, prawda?<br><strong>Latem<\/strong> mo\u017cna wybra\u0107 si\u0119 na kajaki albo na spacer nad morzem, <strong>ciep\u0142e wiosenne i jesienne dni<\/strong> to idealna okazja na spacer.<\/p>\n\n\n\n<h2 class=\"wp-block-heading\">Miejsca zakazane<\/h2>\n\n\n\n<p>Ju\u017c wiesz gdzie p\u00f3j\u015b\u0107 na pierwsz\u0105 randk\u0119, musisz te\u017c wiedzie\u0107, \u017ce jest kilka miejsc, kt\u00f3re <strong>KATEGORYCZNIE<\/strong> odradzamy. Jednym z nich jest <strong>basen<\/strong> &#8211; je\u015bli oboje nie macie cia\u0142 m\u0142odych bog\u00f3w (a nawet je\u015bli macie) to na pewno nie b\u0119dziecie czu\u0107 si\u0119 komfortowo stoj\u0105c przed kim\u015b nowo poznanym prawie nago, prawda? Kiepskim pomys\u0142em na pierwsz\u0105 randk\u0119 jest zaprowadzenie nowo poznanej osoby <strong>do domu rodzic\u00f3w<\/strong>. Takie rzeczy sprawdzaj\u0105 si\u0119 tylko w komediach romantycznych, w realnym \u015bwiecie osoba, kt\u00f3r\u0105 na pierwszej randce przedstawisz rodzicom b\u0119dzie czu\u0142a si\u0119 co najmniej skr\u0119powana!<\/p>\n\n\n\n<h2 class=\"wp-block-heading\">Gdzie p\u00f3j\u015b\u0107 na pierwsz\u0105 randk\u0119 &#8211; podsumowanie<\/h2>\n\n\n\n<p>Miejsce pierwszego spotkanie dobierz go Waszych upodoba\u0144 i pory roku. Najwa\u017cniejsze jest to, aby\u015bcie si\u0119 dobrze bawili i mieli okazj\u0119 ze sob\u0105 porozmawia\u0107. Pami\u0119taj tak\u017ce, \u017ce je\u015bli co\u015b p\u00f3jdzie nie tak nie poddawaj si\u0119! A przede wszystkim &#8211; powodzenia! Je\u015bli nie masz u nas konta to czas najwy\u017cszy to zmieni\u0107! Zarejestruj si\u0119 <span style=\"text-decoration: underline;\"><a href=\"https:\/\/fotka.com\/rejestracja\">tutaj<\/a><\/span>.<br><\/p>\n","protected":false},"excerpt":{"rendered":"<p>Skoro ju\u017c wiesz, \u017ce pierwsza randka nie taka straszna, wiesz jak si\u0119 ubra\u0107, o czym porozmawia\u0107 to czas najwy\u017cszy zdecydowa\u0107, gdzie odb\u0119dzie si\u0119 Wasze pierwsze (i oby nie ostatnie) spotkanie.<\/p>\n","protected":false},"author":5,"featured_media":202,"comment_status":"open","ping_status":"closed","sticky":false,"template":"","format":"standard","meta":{"footnotes":""},"categories":[2],"tags":[16,4,17,6,8,18],"class_list":["post-198","post","type-post","status-publish","format-standard","has-post-thumbnail","hentry","category-fotka-porady","tag-pierwsza-randka","tag-porady","tag-randka","tag-randki","tag-zwiazek","tag-zwiazki"],"yoast_head":"<!-- This site is optimized with the Yoast SEO plugin v27.2 - https:\/\/yoast.com\/product\/yoast-seo-wordpress\/ -->\n<title>Gdzie p\u00f3j\u015b\u0107 na pierwsz\u0105 randk\u0119? | Fotka | Blog pe\u0142en porad<\/title>\n<meta name=\"description\" content=\"Je\u015bli nie wiesz gdzie p\u00f3j\u015b\u0107 na pierwsz\u0105 randk\u0119 to spieszymy z pomoc\u0105! Pami\u0119taj aby miejsce dostosowa\u0107 do Waszych upodoba\u0144 i pory roku.\" \/>\n<meta name=\"robots\" content=\"index, follow, max-snippet:-1, max-image-preview:large, max-video-preview:-1\" \/>\n<link rel=\"canonical\" href=\"https:\/\/fotka.com\/blog\/2020\/07\/gdzie-pojsc-na-pierwsza-randke\/\" \/>\n<meta property=\"og:locale\" content=\"pl_PL\" \/>\n<meta property=\"og:type\" content=\"article\" \/>\n<meta property=\"og:title\" content=\"Gdzie p\u00f3j\u015b\u0107 na pierwsz\u0105 randk\u0119? | Fotka | Blog pe\u0142en porad\" \/>\n<meta property=\"og:description\" content=\"Je\u015bli nie wiesz gdzie p\u00f3j\u015b\u0107 na pierwsz\u0105 randk\u0119 to spieszymy z pomoc\u0105! Pami\u0119taj aby miejsce dostosowa\u0107 do Waszych upodoba\u0144 i pory roku.\" \/>\n<meta property=\"og:url\" content=\"https:\/\/fotka.com\/blog\/2020\/07\/gdzie-pojsc-na-pierwsza-randke\/\" \/>\n<meta property=\"og:site_name\" content=\"Fotka\" \/>\n<meta property=\"article:publisher\" content=\"https:\/\/www.facebook.com\/fotkapl\/\" \/>\n<meta property=\"article:published_time\" content=\"2020-07-23T11:30:00+00:00\" \/>\n<meta property=\"article:modified_time\" content=\"2021-04-23T07:36:02+00:00\" \/>\n<meta property=\"og:image\" content=\"https:\/\/fotka.com\/blog\/wp-content\/uploads\/2019\/12\/8643-scaled.jpg\" \/>\n\t<meta property=\"og:image:width\" content=\"2560\" \/>\n\t<meta property=\"og:image:height\" content=\"1707\" \/>\n\t<meta property=\"og:image:type\" content=\"image\/jpeg\" \/>\n<meta name=\"author\" content=\"Fotka\" \/>\n<meta name=\"twitter:card\" content=\"summary_large_image\" \/>\n<meta name=\"twitter:label1\" content=\"Napisane przez\" \/>\n\t<meta name=\"twitter:data1\" content=\"Fotka\" \/>\n\t<meta name=\"twitter:label2\" content=\"Szacowany czas czytania\" \/>\n\t<meta name=\"twitter:data2\" content=\"3 minuty\" \/>\n<script type=\"application\/ld+json\" class=\"yoast-schema-graph\">{\"@context\":\"https:\/\/schema.org\",\"@graph\":[{\"@type\":\"Article\",\"@id\":\"https:\/\/fotka.com\/blog\/2020\/07\/gdzie-pojsc-na-pierwsza-randke\/#article\",\"isPartOf\":{\"@id\":\"https:\/\/fotka.com\/blog\/2020\/07\/gdzie-pojsc-na-pierwsza-randke\/\"},\"author\":{\"name\":\"Fotka\",\"@id\":\"https:\/\/fotka.com\/blog\/#\/schema\/person\/0c803c4346296d7555b6f0a85e04026a\"},\"headline\":\"Gdzie p\u00f3j\u015b\u0107 na pierwsz\u0105 randk\u0119?\",\"datePublished\":\"2020-07-23T11:30:00+00:00\",\"dateModified\":\"2021-04-23T07:36:02+00:00\",\"mainEntityOfPage\":{\"@id\":\"https:\/\/fotka.com\/blog\/2020\/07\/gdzie-pojsc-na-pierwsza-randke\/\"},\"wordCount\":642,\"commentCount\":3,\"publisher\":{\"@id\":\"https:\/\/fotka.com\/blog\/#organization\"},\"image\":{\"@id\":\"https:\/\/fotka.com\/blog\/2020\/07\/gdzie-pojsc-na-pierwsza-randke\/#primaryimage\"},\"thumbnailUrl\":\"https:\/\/fotka.com\/blog\/wp-content\/uploads\/2019\/12\/8643-scaled.jpg\",\"keywords\":[\"pierwsza randka\",\"porady\",\"randka\",\"randki\",\"zwi\u0105zek\",\"zwi\u0105zki\"],\"articleSection\":[\"FotkaPorady\"],\"inLanguage\":\"pl-PL\",\"potentialAction\":[{\"@type\":\"CommentAction\",\"name\":\"Comment\",\"target\":[\"https:\/\/fotka.com\/blog\/2020\/07\/gdzie-pojsc-na-pierwsza-randke\/#respond\"]}]},{\"@type\":\"WebPage\",\"@id\":\"https:\/\/fotka.com\/blog\/2020\/07\/gdzie-pojsc-na-pierwsza-randke\/\",\"url\":\"https:\/\/fotka.com\/blog\/2020\/07\/gdzie-pojsc-na-pierwsza-randke\/\",\"name\":\"Gdzie p\u00f3j\u015b\u0107 na pierwsz\u0105 randk\u0119? | Fotka | Blog pe\u0142en porad\",\"isPartOf\":{\"@id\":\"https:\/\/fotka.com\/blog\/#website\"},\"primaryImageOfPage\":{\"@id\":\"https:\/\/fotka.com\/blog\/2020\/07\/gdzie-pojsc-na-pierwsza-randke\/#primaryimage\"},\"image\":{\"@id\":\"https:\/\/fotka.com\/blog\/2020\/07\/gdzie-pojsc-na-pierwsza-randke\/#primaryimage\"},\"thumbnailUrl\":\"https:\/\/fotka.com\/blog\/wp-content\/uploads\/2019\/12\/8643-scaled.jpg\",\"datePublished\":\"2020-07-23T11:30:00+00:00\",\"dateModified\":\"2021-04-23T07:36:02+00:00\",\"description\":\"Je\u015bli nie wiesz gdzie p\u00f3j\u015b\u0107 na pierwsz\u0105 randk\u0119 to spieszymy z pomoc\u0105! Pami\u0119taj aby miejsce dostosowa\u0107 do Waszych upodoba\u0144 i pory roku.\",\"breadcrumb\":{\"@id\":\"https:\/\/fotka.com\/blog\/2020\/07\/gdzie-pojsc-na-pierwsza-randke\/#breadcrumb\"},\"inLanguage\":\"pl-PL\",\"potentialAction\":[{\"@type\":\"ReadAction\",\"target\":[\"https:\/\/fotka.com\/blog\/2020\/07\/gdzie-pojsc-na-pierwsza-randke\/\"]}]},{\"@type\":\"ImageObject\",\"inLanguage\":\"pl-PL\",\"@id\":\"https:\/\/fotka.com\/blog\/2020\/07\/gdzie-pojsc-na-pierwsza-randke\/#primaryimage\",\"url\":\"https:\/\/fotka.com\/blog\/wp-content\/uploads\/2019\/12\/8643-scaled.jpg\",\"contentUrl\":\"https:\/\/fotka.com\/blog\/wp-content\/uploads\/2019\/12\/8643-scaled.jpg\",\"width\":2560,\"height\":1707,\"caption\":\"romantyczna randka, spotkanie, kwiaty, mi\u0142o\u015b\u0107, natura\"},{\"@type\":\"BreadcrumbList\",\"@id\":\"https:\/\/fotka.com\/blog\/2020\/07\/gdzie-pojsc-na-pierwsza-randke\/#breadcrumb\",\"itemListElement\":[{\"@type\":\"ListItem\",\"position\":1,\"name\":\"Strona g\u0142\u00f3wna\",\"item\":\"https:\/\/fotka.com\/blog\/\"},{\"@type\":\"ListItem\",\"position\":2,\"name\":\"Gdzie p\u00f3j\u015b\u0107 na pierwsz\u0105 randk\u0119?\"}]},{\"@type\":\"WebSite\",\"@id\":\"https:\/\/fotka.com\/blog\/#website\",\"url\":\"https:\/\/fotka.com\/blog\/\",\"name\":\"Fotka\",\"description\":\"Blog pe\u0142en porad o randkach, zwi\u0105zkach i relacjach\",\"publisher\":{\"@id\":\"https:\/\/fotka.com\/blog\/#organization\"},\"potentialAction\":[{\"@type\":\"SearchAction\",\"target\":{\"@type\":\"EntryPoint\",\"urlTemplate\":\"https:\/\/fotka.com\/blog\/?s={search_term_string}\"},\"query-input\":{\"@type\":\"PropertyValueSpecification\",\"valueRequired\":true,\"valueName\":\"search_term_string\"}}],\"inLanguage\":\"pl-PL\"},{\"@type\":\"Organization\",\"@id\":\"https:\/\/fotka.com\/blog\/#organization\",\"name\":\"Fotka\",\"url\":\"https:\/\/fotka.com\/blog\/\",\"logo\":{\"@type\":\"ImageObject\",\"inLanguage\":\"pl-PL\",\"@id\":\"https:\/\/fotka.com\/blog\/#\/schema\/logo\/image\/\",\"url\":\"https:\/\/fotka.com\/blog\/wp-content\/uploads\/2019\/11\/logo.png\",\"contentUrl\":\"https:\/\/fotka.com\/blog\/wp-content\/uploads\/2019\/11\/logo.png\",\"width\":124,\"height\":37,\"caption\":\"Fotka\"},\"image\":{\"@id\":\"https:\/\/fotka.com\/blog\/#\/schema\/logo\/image\/\"},\"sameAs\":[\"https:\/\/www.facebook.com\/fotkapl\/\",\"https:\/\/www.instagram.com\/fotka_com\/\"]},{\"@type\":\"Person\",\"@id\":\"https:\/\/fotka.com\/blog\/#\/schema\/person\/0c803c4346296d7555b6f0a85e04026a\",\"name\":\"Fotka\",\"image\":{\"@type\":\"ImageObject\",\"inLanguage\":\"pl-PL\",\"@id\":\"https:\/\/secure.gravatar.com\/avatar\/19e14dc7c39da8773573b1872576d3d5439808ed543d24575e5d331e310bd20b?s=96&d=mm&r=g\",\"url\":\"https:\/\/secure.gravatar.com\/avatar\/19e14dc7c39da8773573b1872576d3d5439808ed543d24575e5d331e310bd20b?s=96&d=mm&r=g\",\"contentUrl\":\"https:\/\/secure.gravatar.com\/avatar\/19e14dc7c39da8773573b1872576d3d5439808ed543d24575e5d331e310bd20b?s=96&d=mm&r=g\",\"caption\":\"Fotka\"},\"url\":\"https:\/\/fotka.com\/blog\/author\/karolina-janiszewska\/\"}]}<\/script>\n<!-- \/ Yoast SEO plugin. -->","yoast_head_json":{"title":"Gdzie p\u00f3j\u015b\u0107 na pierwsz\u0105 randk\u0119? | Fotka | Blog pe\u0142en porad","description":"Je\u015bli nie wiesz gdzie p\u00f3j\u015b\u0107 na pierwsz\u0105 randk\u0119 to spieszymy z pomoc\u0105! Pami\u0119taj aby miejsce dostosowa\u0107 do Waszych upodoba\u0144 i pory roku.","robots":{"index":"index","follow":"follow","max-snippet":"max-snippet:-1","max-image-preview":"max-image-preview:large","max-video-preview":"max-video-preview:-1"},"canonical":"https:\/\/fotka.com\/blog\/2020\/07\/gdzie-pojsc-na-pierwsza-randke\/","og_locale":"pl_PL","og_type":"article","og_title":"Gdzie p\u00f3j\u015b\u0107 na pierwsz\u0105 randk\u0119? | Fotka | Blog pe\u0142en porad","og_description":"Je\u015bli nie wiesz gdzie p\u00f3j\u015b\u0107 na pierwsz\u0105 randk\u0119 to spieszymy z pomoc\u0105! Pami\u0119taj aby miejsce dostosowa\u0107 do Waszych upodoba\u0144 i pory roku.","og_url":"https:\/\/fotka.com\/blog\/2020\/07\/gdzie-pojsc-na-pierwsza-randke\/","og_site_name":"Fotka","article_publisher":"https:\/\/www.facebook.com\/fotkapl\/","article_published_time":"2020-07-23T11:30:00+00:00","article_modified_time":"2021-04-23T07:36:02+00:00","og_image":[{"width":2560,"height":1707,"url":"https:\/\/fotka.com\/blog\/wp-content\/uploads\/2019\/12\/8643-scaled.jpg","type":"image\/jpeg"}],"author":"Fotka","twitter_card":"summary_large_image","twitter_misc":{"Napisane przez":"Fotka","Szacowany czas czytania":"3 minuty"},"schema":{"@context":"https:\/\/schema.org","@graph":[{"@type":"Article","@id":"https:\/\/fotka.com\/blog\/2020\/07\/gdzie-pojsc-na-pierwsza-randke\/#article","isPartOf":{"@id":"https:\/\/fotka.com\/blog\/2020\/07\/gdzie-pojsc-na-pierwsza-randke\/"},"author":{"name":"Fotka","@id":"https:\/\/fotka.com\/blog\/#\/schema\/person\/0c803c4346296d7555b6f0a85e04026a"},"headline":"Gdzie p\u00f3j\u015b\u0107 na pierwsz\u0105 randk\u0119?","datePublished":"2020-07-23T11:30:00+00:00","dateModified":"2021-04-23T07:36:02+00:00","mainEntityOfPage":{"@id":"https:\/\/fotka.com\/blog\/2020\/07\/gdzie-pojsc-na-pierwsza-randke\/"},"wordCount":642,"commentCount":3,"publisher":{"@id":"https:\/\/fotka.com\/blog\/#organization"},"image":{"@id":"https:\/\/fotka.com\/blog\/2020\/07\/gdzie-pojsc-na-pierwsza-randke\/#primaryimage"},"thumbnailUrl":"https:\/\/fotka.com\/blog\/wp-content\/uploads\/2019\/12\/8643-scaled.jpg","keywords":["pierwsza randka","porady","randka","randki","zwi\u0105zek","zwi\u0105zki"],"articleSection":["FotkaPorady"],"inLanguage":"pl-PL","potentialAction":[{"@type":"CommentAction","name":"Comment","target":["https:\/\/fotka.com\/blog\/2020\/07\/gdzie-pojsc-na-pierwsza-randke\/#respond"]}]},{"@type":"WebPage","@id":"https:\/\/fotka.com\/blog\/2020\/07\/gdzie-pojsc-na-pierwsza-randke\/","url":"https:\/\/fotka.com\/blog\/2020\/07\/gdzie-pojsc-na-pierwsza-randke\/","name":"Gdzie p\u00f3j\u015b\u0107 na pierwsz\u0105 randk\u0119? | Fotka | Blog pe\u0142en porad","isPartOf":{"@id":"https:\/\/fotka.com\/blog\/#website"},"primaryImageOfPage":{"@id":"https:\/\/fotka.com\/blog\/2020\/07\/gdzie-pojsc-na-pierwsza-randke\/#primaryimage"},"image":{"@id":"https:\/\/fotka.com\/blog\/2020\/07\/gdzie-pojsc-na-pierwsza-randke\/#primaryimage"},"thumbnailUrl":"https:\/\/fotka.com\/blog\/wp-content\/uploads\/2019\/12\/8643-scaled.jpg","datePublished":"2020-07-23T11:30:00+00:00","dateModified":"2021-04-23T07:36:02+00:00","description":"Je\u015bli nie wiesz gdzie p\u00f3j\u015b\u0107 na pierwsz\u0105 randk\u0119 to spieszymy z pomoc\u0105! Pami\u0119taj aby miejsce dostosowa\u0107 do Waszych upodoba\u0144 i pory roku.","breadcrumb":{"@id":"https:\/\/fotka.com\/blog\/2020\/07\/gdzie-pojsc-na-pierwsza-randke\/#breadcrumb"},"inLanguage":"pl-PL","potentialAction":[{"@type":"ReadAction","target":["https:\/\/fotka.com\/blog\/2020\/07\/gdzie-pojsc-na-pierwsza-randke\/"]}]},{"@type":"ImageObject","inLanguage":"pl-PL","@id":"https:\/\/fotka.com\/blog\/2020\/07\/gdzie-pojsc-na-pierwsza-randke\/#primaryimage","url":"https:\/\/fotka.com\/blog\/wp-content\/uploads\/2019\/12\/8643-scaled.jpg","contentUrl":"https:\/\/fotka.com\/blog\/wp-content\/uploads\/2019\/12\/8643-scaled.jpg","width":2560,"height":1707,"caption":"romantyczna randka, spotkanie, kwiaty, mi\u0142o\u015b\u0107, natura"},{"@type":"BreadcrumbList","@id":"https:\/\/fotka.com\/blog\/2020\/07\/gdzie-pojsc-na-pierwsza-randke\/#breadcrumb","itemListElement":[{"@type":"ListItem","position":1,"name":"Strona g\u0142\u00f3wna","item":"https:\/\/fotka.com\/blog\/"},{"@type":"ListItem","position":2,"name":"Gdzie p\u00f3j\u015b\u0107 na pierwsz\u0105 randk\u0119?"}]},{"@type":"WebSite","@id":"https:\/\/fotka.com\/blog\/#website","url":"https:\/\/fotka.com\/blog\/","name":"Fotka","description":"Blog pe\u0142en porad o randkach, zwi\u0105zkach i relacjach","publisher":{"@id":"https:\/\/fotka.com\/blog\/#organization"},"potentialAction":[{"@type":"SearchAction","target":{"@type":"EntryPoint","urlTemplate":"https:\/\/fotka.com\/blog\/?s={search_term_string}"},"query-input":{"@type":"PropertyValueSpecification","valueRequired":true,"valueName":"search_term_string"}}],"inLanguage":"pl-PL"},{"@type":"Organization","@id":"https:\/\/fotka.com\/blog\/#organization","name":"Fotka","url":"https:\/\/fotka.com\/blog\/","logo":{"@type":"ImageObject","inLanguage":"pl-PL","@id":"https:\/\/fotka.com\/blog\/#\/schema\/logo\/image\/","url":"https:\/\/fotka.com\/blog\/wp-content\/uploads\/2019\/11\/logo.png","contentUrl":"https:\/\/fotka.com\/blog\/wp-content\/uploads\/2019\/11\/logo.png","width":124,"height":37,"caption":"Fotka"},"image":{"@id":"https:\/\/fotka.com\/blog\/#\/schema\/logo\/image\/"},"sameAs":["https:\/\/www.facebook.com\/fotkapl\/","https:\/\/www.instagram.com\/fotka_com\/"]},{"@type":"Person","@id":"https:\/\/fotka.com\/blog\/#\/schema\/person\/0c803c4346296d7555b6f0a85e04026a","name":"Fotka","image":{"@type":"ImageObject","inLanguage":"pl-PL","@id":"https:\/\/secure.gravatar.com\/avatar\/19e14dc7c39da8773573b1872576d3d5439808ed543d24575e5d331e310bd20b?s=96&d=mm&r=g","url":"https:\/\/secure.gravatar.com\/avatar\/19e14dc7c39da8773573b1872576d3d5439808ed543d24575e5d331e310bd20b?s=96&d=mm&r=g","contentUrl":"https:\/\/secure.gravatar.com\/avatar\/19e14dc7c39da8773573b1872576d3d5439808ed543d24575e5d331e310bd20b?s=96&d=mm&r=g","caption":"Fotka"},"url":"https:\/\/fotka.com\/blog\/author\/karolina-janiszewska\/"}]}},"_links":{"self":[{"href":"https:\/\/fotka.com\/blog\/wp-json\/wp\/v2\/posts\/198","targetHints":{"allow":["GET"]}}],"collection":[{"href":"https:\/\/fotka.com\/blog\/wp-json\/wp\/v2\/posts"}],"about":[{"href":"https:\/\/fotka.com\/blog\/wp-json\/wp\/v2\/types\/post"}],"author":[{"embeddable":true,"href":"https:\/\/fotka.com\/blog\/wp-json\/wp\/v2\/users\/5"}],"replies":[{"embeddable":true,"href":"https:\/\/fotka.com\/blog\/wp-json\/wp\/v2\/comments?post=198"}],"version-history":[{"count":8,"href":"https:\/\/fotka.com\/blog\/wp-json\/wp\/v2\/posts\/198\/revisions"}],"predecessor-version":[{"id":560,"href":"https:\/\/fotka.com\/blog\/wp-json\/wp\/v2\/posts\/198\/revisions\/560"}],"wp:featuredmedia":[{"embeddable":true,"href":"https:\/\/fotka.com\/blog\/wp-json\/wp\/v2\/media\/202"}],"wp:attachment":[{"href":"https:\/\/fotka.com\/blog\/wp-json\/wp\/v2\/media?parent=198"}],"wp:term":[{"taxonomy":"category","embeddable":true,"href":"https:\/\/fotka.com\/blog\/wp-json\/wp\/v2\/categories?post=198"},{"taxonomy":"post_tag","embeddable":true,"href":"https:\/\/fotka.com\/blog\/wp-json\/wp\/v2\/tags?post=198"}],"curies":[{"name":"wp","href":"https:\/\/api.w.org\/{rel}","templated":true}]}}