{"id":1174,"date":"2025-10-21T13:06:04","date_gmt":"2025-10-21T11:06:04","guid":{"rendered":"https:\/\/fotka.com\/blog\/?p=1174"},"modified":"2025-10-21T13:06:05","modified_gmt":"2025-10-21T11:06:05","slug":"randki-jesienia-pomysly-na-cieple-uczucia-w-chlodniejsze-dni","status":"publish","type":"post","link":"https:\/\/fotka.com\/blog\/2025\/10\/randki-jesienia-pomysly-na-cieple-uczucia-w-chlodniejsze-dni\/","title":{"rendered":"Randki jesieni\u0105 \u2013 pomys\u0142y na ciep\u0142e uczucia w ch\u0142odniejsze dni"},"content":{"rendered":"\n<p>Jesie\u0144 to wyj\u0105tkowy czas dla zakochanych. Ch\u0142odniejsze wieczory, z\u0142ote li\u015bcie i zapach cynamonu sprzyjaj\u0105 blisko\u015bci, rozmowom i nowym pocz\u0105tkom. Je\u015bli szukasz pomys\u0142\u00f3w na <strong>randki jesieni\u0105<\/strong>, mamy dla Ciebie mn\u00f3stwo inspiracji \u2013 od klasycznych spacer\u00f3w po kreatywne pomys\u0142y na ch\u0142odne wieczory.<\/p>\n\n\n\n<hr class=\"wp-block-separator has-alpha-channel-opacity\"\/>\n\n\n\n<h3 class=\"wp-block-heading\">\ud83c\udf42 Dlaczego randki jesieni\u0105 s\u0105 tak wyj\u0105tkowe?<\/h3>\n\n\n\n<p>Jesie\u0144 to pora roku, kt\u00f3ra sprzyja <strong>spokojnemu, \u201eslow\u201d randkowaniu<\/strong>. W przeciwie\u0144stwie do gor\u0105cego, wakacyjnego tempa, jesie\u0144 zach\u0119ca do uwa\u017cno\u015bci, ciep\u0142ych rozm\u00f3w i poznawania si\u0119 w bardziej intymnej atmosferze.<br>To te\u017c idealny moment, by zacz\u0105\u0107 co\u015b nowego \u2013 now\u0105 znajomo\u015b\u0107, relacj\u0119, a mo\u017ce po prostu nowy etap w ju\u017c istniej\u0105cym zwi\u0105zku.<\/p>\n\n\n\n<hr class=\"wp-block-separator has-alpha-channel-opacity\"\/>\n\n\n\n<h3 class=\"wp-block-heading\">\u2615 Pomys\u0142y na randki jesieni\u0105<\/h3>\n\n\n\n<ol class=\"wp-block-list\">\n<li><strong>Spacer po parku pe\u0142nym li\u015bci<\/strong> \ud83c\udf41<br>Klasyk, kt\u00f3ry nigdy si\u0119 nie nudzi. We\u017a kubek gor\u0105cej kawy lub herbaty i ruszcie na spacer po jesiennym parku. Rozmowa w takiej scenerii sama si\u0119 toczy.<\/li>\n\n\n\n<li><strong>Wiecz\u00f3r filmowy z kocem i \u015bwiecami<\/strong> \ud83c\udfac<br>Kiedy pogoda nie dopisuje, randka w domu te\u017c mo\u017ce by\u0107 magiczna. Wybierzcie filmy romantyczne lub jesienne klasyki, zapalcie \u015bwiece i zr\u00f3bcie popcorn.<\/li>\n\n\n\n<li><strong>Festiwal smak\u00f3w \u2013 wsp\u00f3lne gotowanie<\/strong> \ud83e\udd67<br>Jesie\u0144 to sezon na dyni\u0119, jab\u0142ka, cynamon i gor\u0105c\u0105 czekolad\u0119. Zr\u00f3bcie co\u015b razem w kuchni \u2013 mo\u017ce ciasto dyniowe lub grzane wino? Wsp\u00f3lne gotowanie zbli\u017ca.<\/li>\n\n\n\n<li><strong>Weekendowy wypad za miasto<\/strong> \ud83c\udf32<br>Kr\u00f3tki wyjazd w g\u00f3ry lub nad jezioro pozwoli Wam oderwa\u0107 si\u0119 od codzienno\u015bci. Jesienne pejza\u017ce potrafi\u0105 zachwyci\u0107 i sprzyjaj\u0105 rozmowom o wszystkim.<\/li>\n\n\n\n<li><strong>Randka w muzeum lub galerii sztuki<\/strong> \ud83c\udfa8<br>Kiedy za oknem deszcz, warto przenie\u015b\u0107 si\u0119 do ciep\u0142ych wn\u0119trz. Sztuka, kawa i rozmowa \u2013 idealne po\u0142\u0105czenie dla jesiennego popo\u0142udnia.<\/li>\n\n\n\n<li><strong>Sesja zdj\u0119ciowa w jesiennym klimacie<\/strong> \ud83d\udcf8<br>Jesie\u0144 to najpi\u0119kniejsza pora roku na zdj\u0119cia! Ustalcie wsp\u00f3ln\u0105 mini sesj\u0119 \u2013 w parku, w lesie lub przy kubku gor\u0105cej czekolady. To \u015bwietny spos\u00f3b, by zatrzyma\u0107 wspomnienia.<\/li>\n<\/ol>\n\n\n\n<hr class=\"wp-block-separator has-alpha-channel-opacity\"\/>\n\n\n\n<h3 class=\"wp-block-heading\">\ud83e\udde1 Randki jesieni\u0105 a budowanie relacji<\/h3>\n\n\n\n<p>Jesienne miesi\u0105ce to czas refleksji i emocjonalnego ciep\u0142a. Warto wykorzysta\u0107 t\u0119 atmosfer\u0119, by lepiej pozna\u0107 drug\u0105 osob\u0119 \u2013 nie przez pryzmat zabawy, ale rozmowy i wsp\u00f3lnych prze\u017cy\u0107.<br>Zamiast pyta\u0107 o ulubione filmy, zapytaj o wspomnienia, marzenia i to, co daje poczucie szcz\u0119\u015bcia. Jesienne randki sprzyjaj\u0105 <strong>szczero\u015bci i g\u0142\u0119bszemu poznaniu<\/strong>.<\/p>\n\n\n\n<hr class=\"wp-block-separator has-alpha-channel-opacity\"\/>\n\n\n\n<h3 class=\"wp-block-heading\">\ud83d\udd25 Jak zadba\u0107 o atmosfer\u0119?<\/h3>\n\n\n\n<ul class=\"wp-block-list\">\n<li>Ubierz si\u0119 wygodnie, ale stylowo \u2013 ciep\u0142y sweter i szalik zawsze robi\u0105 wra\u017cenie.<\/li>\n\n\n\n<li>Nie b\u00f3j si\u0119 inicjowa\u0107 \u2013 zaproponuj co\u015b nietypowego (np. wsp\u00f3lne pieczenie jab\u0142ek z cynamonem!).<\/li>\n\n\n\n<li>Pami\u0119taj, \u017ce <strong>ciep\u0142o emocjonalne liczy si\u0119 bardziej ni\u017c temperatura na zewn\u0105trz<\/strong>.<\/li>\n<\/ul>\n\n\n\n<hr class=\"wp-block-separator has-alpha-channel-opacity\"\/>\n\n\n\n<h3 class=\"wp-block-heading\">\u2728 Podsumowanie<\/h3>\n\n\n\n<p><strong>Randki jesieni\u0105<\/strong> to idealny spos\u00f3b, by zwolni\u0107, doceni\u0107 chwil\u0119 i cieszy\u0107 si\u0119 blisko\u015bci\u0105. Niezale\u017cnie od tego, czy poznajesz kogo\u015b nowego na Fotka.com, czy piel\u0119gnujesz istniej\u0105c\u0105 relacj\u0119 \u2013 jesie\u0144 to doskona\u0142y moment, by rozgrza\u0107 uczucia i serca.<\/p>\n\n\n\n<p>Zamiast narzeka\u0107 na pogod\u0119, z\u0142ap za kubek gor\u0105cej kawy i zaplanuj swoj\u0105 kolejn\u0105 randk\u0119 \u2013 bo najlepsze historie cz\u0119sto zaczynaj\u0105 si\u0119 wtedy, gdy za oknem spadaj\u0105 li\u015bcie. \ud83c\udf42<\/p>\n","protected":false},"excerpt":{"rendered":"<p>Je\u015bli szukasz pomys\u0142\u00f3w na randki jesieni\u0105, mamy dla Ciebie mn\u00f3stwo inspiracji \u2013 od klasycznych spacer\u00f3w po kreatywne pomys\u0142y na ch\u0142odne wieczory.<\/p>\n","protected":false},"author":5,"featured_media":1175,"comment_status":"open","ping_status":"closed","sticky":false,"template":"","format":"standard","meta":{"footnotes":""},"categories":[2],"tags":[16,4,17,6,139,8,18],"class_list":["post-1174","post","type-post","status-publish","format-standard","has-post-thumbnail","hentry","category-fotka-porady","tag-pierwsza-randka","tag-porady","tag-randka","tag-randki","tag-randki-jesienia","tag-zwiazek","tag-zwiazki"],"yoast_head":"<!-- This site is optimized with the Yoast SEO plugin v27.2 - https:\/\/yoast.com\/product\/yoast-seo-wordpress\/ -->\n<title>Randki jesieni\u0105 \u2013 pomys\u0142y | Fotka<\/title>\n<meta name=\"description\" content=\"Je\u015bli szukasz pomys\u0142\u00f3w na randki jesieni\u0105, mamy dla Ciebie mn\u00f3stwo inspiracji \u2013 od klasycznych spacer\u00f3w po kreatywne pomys\u0142y.\" \/>\n<meta name=\"robots\" content=\"index, follow, max-snippet:-1, max-image-preview:large, max-video-preview:-1\" \/>\n<link rel=\"canonical\" href=\"https:\/\/fotka.com\/blog\/2025\/10\/randki-jesienia-pomysly-na-cieple-uczucia-w-chlodniejsze-dni\/\" \/>\n<meta property=\"og:locale\" content=\"pl_PL\" \/>\n<meta property=\"og:type\" content=\"article\" \/>\n<meta property=\"og:title\" content=\"Randki jesieni\u0105 \u2013 pomys\u0142y | Fotka\" \/>\n<meta property=\"og:description\" content=\"Je\u015bli szukasz pomys\u0142\u00f3w na randki jesieni\u0105, mamy dla Ciebie mn\u00f3stwo inspiracji \u2013 od klasycznych spacer\u00f3w po kreatywne pomys\u0142y.\" \/>\n<meta property=\"og:url\" content=\"https:\/\/fotka.com\/blog\/2025\/10\/randki-jesienia-pomysly-na-cieple-uczucia-w-chlodniejsze-dni\/\" \/>\n<meta property=\"og:site_name\" content=\"Fotka\" \/>\n<meta property=\"article:publisher\" content=\"https:\/\/www.facebook.com\/fotkapl\/\" \/>\n<meta property=\"article:published_time\" content=\"2025-10-21T11:06:04+00:00\" \/>\n<meta property=\"article:modified_time\" content=\"2025-10-21T11:06:05+00:00\" \/>\n<meta property=\"og:image\" content=\"https:\/\/fotka.com\/blog\/wp-content\/uploads\/2025\/10\/elegant-couple-spend-time-autumn-park-scaled.jpg\" \/>\n\t<meta property=\"og:image:width\" content=\"2560\" \/>\n\t<meta property=\"og:image:height\" content=\"1707\" \/>\n\t<meta property=\"og:image:type\" content=\"image\/jpeg\" \/>\n<meta name=\"author\" content=\"Fotka\" \/>\n<meta name=\"twitter:card\" content=\"summary_large_image\" \/>\n<meta name=\"twitter:label1\" content=\"Napisane przez\" \/>\n\t<meta name=\"twitter:data1\" content=\"Fotka\" \/>\n\t<meta name=\"twitter:label2\" content=\"Szacowany czas czytania\" \/>\n\t<meta name=\"twitter:data2\" content=\"3 minuty\" \/>\n<script type=\"application\/ld+json\" class=\"yoast-schema-graph\">{\"@context\":\"https:\/\/schema.org\",\"@graph\":[{\"@type\":\"Article\",\"@id\":\"https:\/\/fotka.com\/blog\/2025\/10\/randki-jesienia-pomysly-na-cieple-uczucia-w-chlodniejsze-dni\/#article\",\"isPartOf\":{\"@id\":\"https:\/\/fotka.com\/blog\/2025\/10\/randki-jesienia-pomysly-na-cieple-uczucia-w-chlodniejsze-dni\/\"},\"author\":{\"name\":\"Fotka\",\"@id\":\"https:\/\/fotka.com\/blog\/#\/schema\/person\/0c803c4346296d7555b6f0a85e04026a\"},\"headline\":\"Randki jesieni\u0105 \u2013 pomys\u0142y na ciep\u0142e uczucia w ch\u0142odniejsze dni\",\"datePublished\":\"2025-10-21T11:06:04+00:00\",\"dateModified\":\"2025-10-21T11:06:05+00:00\",\"mainEntityOfPage\":{\"@id\":\"https:\/\/fotka.com\/blog\/2025\/10\/randki-jesienia-pomysly-na-cieple-uczucia-w-chlodniejsze-dni\/\"},\"wordCount\":514,\"commentCount\":1,\"publisher\":{\"@id\":\"https:\/\/fotka.com\/blog\/#organization\"},\"image\":{\"@id\":\"https:\/\/fotka.com\/blog\/2025\/10\/randki-jesienia-pomysly-na-cieple-uczucia-w-chlodniejsze-dni\/#primaryimage\"},\"thumbnailUrl\":\"https:\/\/fotka.com\/blog\/wp-content\/uploads\/2025\/10\/elegant-couple-spend-time-autumn-park-scaled.jpg\",\"keywords\":[\"pierwsza randka\",\"porady\",\"randka\",\"randki\",\"randki jesieni\u0105\",\"zwi\u0105zek\",\"zwi\u0105zki\"],\"articleSection\":[\"FotkaPorady\"],\"inLanguage\":\"pl-PL\",\"potentialAction\":[{\"@type\":\"CommentAction\",\"name\":\"Comment\",\"target\":[\"https:\/\/fotka.com\/blog\/2025\/10\/randki-jesienia-pomysly-na-cieple-uczucia-w-chlodniejsze-dni\/#respond\"]}]},{\"@type\":\"WebPage\",\"@id\":\"https:\/\/fotka.com\/blog\/2025\/10\/randki-jesienia-pomysly-na-cieple-uczucia-w-chlodniejsze-dni\/\",\"url\":\"https:\/\/fotka.com\/blog\/2025\/10\/randki-jesienia-pomysly-na-cieple-uczucia-w-chlodniejsze-dni\/\",\"name\":\"Randki jesieni\u0105 \u2013 pomys\u0142y | Fotka\",\"isPartOf\":{\"@id\":\"https:\/\/fotka.com\/blog\/#website\"},\"primaryImageOfPage\":{\"@id\":\"https:\/\/fotka.com\/blog\/2025\/10\/randki-jesienia-pomysly-na-cieple-uczucia-w-chlodniejsze-dni\/#primaryimage\"},\"image\":{\"@id\":\"https:\/\/fotka.com\/blog\/2025\/10\/randki-jesienia-pomysly-na-cieple-uczucia-w-chlodniejsze-dni\/#primaryimage\"},\"thumbnailUrl\":\"https:\/\/fotka.com\/blog\/wp-content\/uploads\/2025\/10\/elegant-couple-spend-time-autumn-park-scaled.jpg\",\"datePublished\":\"2025-10-21T11:06:04+00:00\",\"dateModified\":\"2025-10-21T11:06:05+00:00\",\"description\":\"Je\u015bli szukasz pomys\u0142\u00f3w na randki jesieni\u0105, mamy dla Ciebie mn\u00f3stwo inspiracji \u2013 od klasycznych spacer\u00f3w po kreatywne pomys\u0142y.\",\"breadcrumb\":{\"@id\":\"https:\/\/fotka.com\/blog\/2025\/10\/randki-jesienia-pomysly-na-cieple-uczucia-w-chlodniejsze-dni\/#breadcrumb\"},\"inLanguage\":\"pl-PL\",\"potentialAction\":[{\"@type\":\"ReadAction\",\"target\":[\"https:\/\/fotka.com\/blog\/2025\/10\/randki-jesienia-pomysly-na-cieple-uczucia-w-chlodniejsze-dni\/\"]}]},{\"@type\":\"ImageObject\",\"inLanguage\":\"pl-PL\",\"@id\":\"https:\/\/fotka.com\/blog\/2025\/10\/randki-jesienia-pomysly-na-cieple-uczucia-w-chlodniejsze-dni\/#primaryimage\",\"url\":\"https:\/\/fotka.com\/blog\/wp-content\/uploads\/2025\/10\/elegant-couple-spend-time-autumn-park-scaled.jpg\",\"contentUrl\":\"https:\/\/fotka.com\/blog\/wp-content\/uploads\/2025\/10\/elegant-couple-spend-time-autumn-park-scaled.jpg\",\"width\":2560,\"height\":1707,\"caption\":\"Randki jesieni\u0105\"},{\"@type\":\"BreadcrumbList\",\"@id\":\"https:\/\/fotka.com\/blog\/2025\/10\/randki-jesienia-pomysly-na-cieple-uczucia-w-chlodniejsze-dni\/#breadcrumb\",\"itemListElement\":[{\"@type\":\"ListItem\",\"position\":1,\"name\":\"Strona g\u0142\u00f3wna\",\"item\":\"https:\/\/fotka.com\/blog\/\"},{\"@type\":\"ListItem\",\"position\":2,\"name\":\"Randki jesieni\u0105 \u2013 pomys\u0142y na ciep\u0142e uczucia w ch\u0142odniejsze dni\"}]},{\"@type\":\"WebSite\",\"@id\":\"https:\/\/fotka.com\/blog\/#website\",\"url\":\"https:\/\/fotka.com\/blog\/\",\"name\":\"Fotka\",\"description\":\"Blog pe\u0142en porad o randkach, zwi\u0105zkach i relacjach\",\"publisher\":{\"@id\":\"https:\/\/fotka.com\/blog\/#organization\"},\"potentialAction\":[{\"@type\":\"SearchAction\",\"target\":{\"@type\":\"EntryPoint\",\"urlTemplate\":\"https:\/\/fotka.com\/blog\/?s={search_term_string}\"},\"query-input\":{\"@type\":\"PropertyValueSpecification\",\"valueRequired\":true,\"valueName\":\"search_term_string\"}}],\"inLanguage\":\"pl-PL\"},{\"@type\":\"Organization\",\"@id\":\"https:\/\/fotka.com\/blog\/#organization\",\"name\":\"Fotka\",\"url\":\"https:\/\/fotka.com\/blog\/\",\"logo\":{\"@type\":\"ImageObject\",\"inLanguage\":\"pl-PL\",\"@id\":\"https:\/\/fotka.com\/blog\/#\/schema\/logo\/image\/\",\"url\":\"https:\/\/fotka.com\/blog\/wp-content\/uploads\/2019\/11\/logo.png\",\"contentUrl\":\"https:\/\/fotka.com\/blog\/wp-content\/uploads\/2019\/11\/logo.png\",\"width\":124,\"height\":37,\"caption\":\"Fotka\"},\"image\":{\"@id\":\"https:\/\/fotka.com\/blog\/#\/schema\/logo\/image\/\"},\"sameAs\":[\"https:\/\/www.facebook.com\/fotkapl\/\",\"https:\/\/www.instagram.com\/fotka_com\/\"]},{\"@type\":\"Person\",\"@id\":\"https:\/\/fotka.com\/blog\/#\/schema\/person\/0c803c4346296d7555b6f0a85e04026a\",\"name\":\"Fotka\",\"image\":{\"@type\":\"ImageObject\",\"inLanguage\":\"pl-PL\",\"@id\":\"https:\/\/secure.gravatar.com\/avatar\/19e14dc7c39da8773573b1872576d3d5439808ed543d24575e5d331e310bd20b?s=96&d=mm&r=g\",\"url\":\"https:\/\/secure.gravatar.com\/avatar\/19e14dc7c39da8773573b1872576d3d5439808ed543d24575e5d331e310bd20b?s=96&d=mm&r=g\",\"contentUrl\":\"https:\/\/secure.gravatar.com\/avatar\/19e14dc7c39da8773573b1872576d3d5439808ed543d24575e5d331e310bd20b?s=96&d=mm&r=g\",\"caption\":\"Fotka\"},\"url\":\"https:\/\/fotka.com\/blog\/author\/karolina-janiszewska\/\"}]}<\/script>\n<!-- \/ Yoast SEO plugin. -->","yoast_head_json":{"title":"Randki jesieni\u0105 \u2013 pomys\u0142y | Fotka","description":"Je\u015bli szukasz pomys\u0142\u00f3w na randki jesieni\u0105, mamy dla Ciebie mn\u00f3stwo inspiracji \u2013 od klasycznych spacer\u00f3w po kreatywne pomys\u0142y.","robots":{"index":"index","follow":"follow","max-snippet":"max-snippet:-1","max-image-preview":"max-image-preview:large","max-video-preview":"max-video-preview:-1"},"canonical":"https:\/\/fotka.com\/blog\/2025\/10\/randki-jesienia-pomysly-na-cieple-uczucia-w-chlodniejsze-dni\/","og_locale":"pl_PL","og_type":"article","og_title":"Randki jesieni\u0105 \u2013 pomys\u0142y | Fotka","og_description":"Je\u015bli szukasz pomys\u0142\u00f3w na randki jesieni\u0105, mamy dla Ciebie mn\u00f3stwo inspiracji \u2013 od klasycznych spacer\u00f3w po kreatywne pomys\u0142y.","og_url":"https:\/\/fotka.com\/blog\/2025\/10\/randki-jesienia-pomysly-na-cieple-uczucia-w-chlodniejsze-dni\/","og_site_name":"Fotka","article_publisher":"https:\/\/www.facebook.com\/fotkapl\/","article_published_time":"2025-10-21T11:06:04+00:00","article_modified_time":"2025-10-21T11:06:05+00:00","og_image":[{"width":2560,"height":1707,"url":"https:\/\/fotka.com\/blog\/wp-content\/uploads\/2025\/10\/elegant-couple-spend-time-autumn-park-scaled.jpg","type":"image\/jpeg"}],"author":"Fotka","twitter_card":"summary_large_image","twitter_misc":{"Napisane przez":"Fotka","Szacowany czas czytania":"3 minuty"},"schema":{"@context":"https:\/\/schema.org","@graph":[{"@type":"Article","@id":"https:\/\/fotka.com\/blog\/2025\/10\/randki-jesienia-pomysly-na-cieple-uczucia-w-chlodniejsze-dni\/#article","isPartOf":{"@id":"https:\/\/fotka.com\/blog\/2025\/10\/randki-jesienia-pomysly-na-cieple-uczucia-w-chlodniejsze-dni\/"},"author":{"name":"Fotka","@id":"https:\/\/fotka.com\/blog\/#\/schema\/person\/0c803c4346296d7555b6f0a85e04026a"},"headline":"Randki jesieni\u0105 \u2013 pomys\u0142y na ciep\u0142e uczucia w ch\u0142odniejsze dni","datePublished":"2025-10-21T11:06:04+00:00","dateModified":"2025-10-21T11:06:05+00:00","mainEntityOfPage":{"@id":"https:\/\/fotka.com\/blog\/2025\/10\/randki-jesienia-pomysly-na-cieple-uczucia-w-chlodniejsze-dni\/"},"wordCount":514,"commentCount":1,"publisher":{"@id":"https:\/\/fotka.com\/blog\/#organization"},"image":{"@id":"https:\/\/fotka.com\/blog\/2025\/10\/randki-jesienia-pomysly-na-cieple-uczucia-w-chlodniejsze-dni\/#primaryimage"},"thumbnailUrl":"https:\/\/fotka.com\/blog\/wp-content\/uploads\/2025\/10\/elegant-couple-spend-time-autumn-park-scaled.jpg","keywords":["pierwsza randka","porady","randka","randki","randki jesieni\u0105","zwi\u0105zek","zwi\u0105zki"],"articleSection":["FotkaPorady"],"inLanguage":"pl-PL","potentialAction":[{"@type":"CommentAction","name":"Comment","target":["https:\/\/fotka.com\/blog\/2025\/10\/randki-jesienia-pomysly-na-cieple-uczucia-w-chlodniejsze-dni\/#respond"]}]},{"@type":"WebPage","@id":"https:\/\/fotka.com\/blog\/2025\/10\/randki-jesienia-pomysly-na-cieple-uczucia-w-chlodniejsze-dni\/","url":"https:\/\/fotka.com\/blog\/2025\/10\/randki-jesienia-pomysly-na-cieple-uczucia-w-chlodniejsze-dni\/","name":"Randki jesieni\u0105 \u2013 pomys\u0142y | Fotka","isPartOf":{"@id":"https:\/\/fotka.com\/blog\/#website"},"primaryImageOfPage":{"@id":"https:\/\/fotka.com\/blog\/2025\/10\/randki-jesienia-pomysly-na-cieple-uczucia-w-chlodniejsze-dni\/#primaryimage"},"image":{"@id":"https:\/\/fotka.com\/blog\/2025\/10\/randki-jesienia-pomysly-na-cieple-uczucia-w-chlodniejsze-dni\/#primaryimage"},"thumbnailUrl":"https:\/\/fotka.com\/blog\/wp-content\/uploads\/2025\/10\/elegant-couple-spend-time-autumn-park-scaled.jpg","datePublished":"2025-10-21T11:06:04+00:00","dateModified":"2025-10-21T11:06:05+00:00","description":"Je\u015bli szukasz pomys\u0142\u00f3w na randki jesieni\u0105, mamy dla Ciebie mn\u00f3stwo inspiracji \u2013 od klasycznych spacer\u00f3w po kreatywne pomys\u0142y.","breadcrumb":{"@id":"https:\/\/fotka.com\/blog\/2025\/10\/randki-jesienia-pomysly-na-cieple-uczucia-w-chlodniejsze-dni\/#breadcrumb"},"inLanguage":"pl-PL","potentialAction":[{"@type":"ReadAction","target":["https:\/\/fotka.com\/blog\/2025\/10\/randki-jesienia-pomysly-na-cieple-uczucia-w-chlodniejsze-dni\/"]}]},{"@type":"ImageObject","inLanguage":"pl-PL","@id":"https:\/\/fotka.com\/blog\/2025\/10\/randki-jesienia-pomysly-na-cieple-uczucia-w-chlodniejsze-dni\/#primaryimage","url":"https:\/\/fotka.com\/blog\/wp-content\/uploads\/2025\/10\/elegant-couple-spend-time-autumn-park-scaled.jpg","contentUrl":"https:\/\/fotka.com\/blog\/wp-content\/uploads\/2025\/10\/elegant-couple-spend-time-autumn-park-scaled.jpg","width":2560,"height":1707,"caption":"Randki jesieni\u0105"},{"@type":"BreadcrumbList","@id":"https:\/\/fotka.com\/blog\/2025\/10\/randki-jesienia-pomysly-na-cieple-uczucia-w-chlodniejsze-dni\/#breadcrumb","itemListElement":[{"@type":"ListItem","position":1,"name":"Strona g\u0142\u00f3wna","item":"https:\/\/fotka.com\/blog\/"},{"@type":"ListItem","position":2,"name":"Randki jesieni\u0105 \u2013 pomys\u0142y na ciep\u0142e uczucia w ch\u0142odniejsze dni"}]},{"@type":"WebSite","@id":"https:\/\/fotka.com\/blog\/#website","url":"https:\/\/fotka.com\/blog\/","name":"Fotka","description":"Blog pe\u0142en porad o randkach, zwi\u0105zkach i relacjach","publisher":{"@id":"https:\/\/fotka.com\/blog\/#organization"},"potentialAction":[{"@type":"SearchAction","target":{"@type":"EntryPoint","urlTemplate":"https:\/\/fotka.com\/blog\/?s={search_term_string}"},"query-input":{"@type":"PropertyValueSpecification","valueRequired":true,"valueName":"search_term_string"}}],"inLanguage":"pl-PL"},{"@type":"Organization","@id":"https:\/\/fotka.com\/blog\/#organization","name":"Fotka","url":"https:\/\/fotka.com\/blog\/","logo":{"@type":"ImageObject","inLanguage":"pl-PL","@id":"https:\/\/fotka.com\/blog\/#\/schema\/logo\/image\/","url":"https:\/\/fotka.com\/blog\/wp-content\/uploads\/2019\/11\/logo.png","contentUrl":"https:\/\/fotka.com\/blog\/wp-content\/uploads\/2019\/11\/logo.png","width":124,"height":37,"caption":"Fotka"},"image":{"@id":"https:\/\/fotka.com\/blog\/#\/schema\/logo\/image\/"},"sameAs":["https:\/\/www.facebook.com\/fotkapl\/","https:\/\/www.instagram.com\/fotka_com\/"]},{"@type":"Person","@id":"https:\/\/fotka.com\/blog\/#\/schema\/person\/0c803c4346296d7555b6f0a85e04026a","name":"Fotka","image":{"@type":"ImageObject","inLanguage":"pl-PL","@id":"https:\/\/secure.gravatar.com\/avatar\/19e14dc7c39da8773573b1872576d3d5439808ed543d24575e5d331e310bd20b?s=96&d=mm&r=g","url":"https:\/\/secure.gravatar.com\/avatar\/19e14dc7c39da8773573b1872576d3d5439808ed543d24575e5d331e310bd20b?s=96&d=mm&r=g","contentUrl":"https:\/\/secure.gravatar.com\/avatar\/19e14dc7c39da8773573b1872576d3d5439808ed543d24575e5d331e310bd20b?s=96&d=mm&r=g","caption":"Fotka"},"url":"https:\/\/fotka.com\/blog\/author\/karolina-janiszewska\/"}]}},"_links":{"self":[{"href":"https:\/\/fotka.com\/blog\/wp-json\/wp\/v2\/posts\/1174","targetHints":{"allow":["GET"]}}],"collection":[{"href":"https:\/\/fotka.com\/blog\/wp-json\/wp\/v2\/posts"}],"about":[{"href":"https:\/\/fotka.com\/blog\/wp-json\/wp\/v2\/types\/post"}],"author":[{"embeddable":true,"href":"https:\/\/fotka.com\/blog\/wp-json\/wp\/v2\/users\/5"}],"replies":[{"embeddable":true,"href":"https:\/\/fotka.com\/blog\/wp-json\/wp\/v2\/comments?post=1174"}],"version-history":[{"count":1,"href":"https:\/\/fotka.com\/blog\/wp-json\/wp\/v2\/posts\/1174\/revisions"}],"predecessor-version":[{"id":1176,"href":"https:\/\/fotka.com\/blog\/wp-json\/wp\/v2\/posts\/1174\/revisions\/1176"}],"wp:featuredmedia":[{"embeddable":true,"href":"https:\/\/fotka.com\/blog\/wp-json\/wp\/v2\/media\/1175"}],"wp:attachment":[{"href":"https:\/\/fotka.com\/blog\/wp-json\/wp\/v2\/media?parent=1174"}],"wp:term":[{"taxonomy":"category","embeddable":true,"href":"https:\/\/fotka.com\/blog\/wp-json\/wp\/v2\/categories?post=1174"},{"taxonomy":"post_tag","embeddable":true,"href":"https:\/\/fotka.com\/blog\/wp-json\/wp\/v2\/tags?post=1174"}],"curies":[{"name":"wp","href":"https:\/\/api.w.org\/{rel}","templated":true}]}}